{"id":1416,"date":"2019-02-13T13:38:00","date_gmt":"2019-02-13T19:38:00","guid":{"rendered":"https:\/\/tejiendoredesinfancia.org\/?p=1416"},"modified":"2021-09-13T01:43:14","modified_gmt":"2021-09-13T06:43:14","slug":"mexico-sede-de-reunion-interamericana-contra-castigo-corporal-hacia-ninez-y-adolescencia","status":"publish","type":"post","link":"https:\/\/tejiendoredesinfancia.org\/en_us\/sala-de-prensa\/mexico-sede-de-reunion-interamericana-contra-castigo-corporal-hacia-ninez-y-adolescencia\/","title":{"rendered":"Mexico host of Inter-American Meeting against corporal punishment of children and adolescents"},"content":{"rendered":"<p class=\"has-drop-cap\">En el marco de la inauguraci\u00f3n de la Reuni\u00f3n Interamericana Sobre Castigo Corporal Contra Ni\u00f1as, Ni\u00f1os y Adolescentes participaron diversas autoridades del gobierno federal, as\u00ed como representantes de organismos internacionales y de organizaciones de la sociedad civil de M\u00e9xico y Am\u00e9rica Latina.<\/p>\n\n\n\n<p>En representaci\u00f3n del Lic. Alfonso Navarrete Prida, Rafael Avante Subsecretario de Derechos Humanos de la Secretaria de Gobernaci\u00f3n, se\u00f1al\u00f3 el tema del castigo corporal contra ni\u00f1as, ni\u00f1os y adolescentes como prioritario en la agenda de Derechos Humanos y agradeci\u00f3 la presencia de los representantes de gobierno, sociedad civil e iglesias de los 14 pa\u00edses presentes de la regi\u00f3n de las Am\u00e9ricas. Durante su intervenci\u00f3n hizo \u00e9nfasis en la importancia de alejar las distorsiones sociales que asocian el castigo con conductas inadecuadas y que normalizan el sometimiento contra la ni\u00f1ez y adolescencia.<\/p>\n\n\n\n<p>En tanto, Ricardo Bucio M\u00fajica, Secretario Ejecutivo del Sistema Nacional de Protecci\u00f3n Integral de Ni\u00f1as Ni\u00f1os y Adolescentes (SIPINNA) di\u00f3 la bienvenida de parte del Gobierno de M\u00e9xico a los representantes de los 14 pa\u00edses de Am\u00e9rica Latina y el Caribe que se han dado cita para la Reuni\u00f3n interamericana sobre Castigo Corporal contra ni\u00f1ez y adolescencia en la Ciudad de M\u00e9xico, donde adem\u00e1s de moderar las participaciones dio por inauguradas las sesiones de trabajo, conferencias y di\u00e1logos en torno a la erradicaci\u00f3n de la violencia contra ni\u00f1as, ni\u00f1os y adolescentes de Am\u00e9rica, en los que se discutir\u00e1n la prohibici\u00f3n legal, las pol\u00edticas p\u00fablicas, la participaci\u00f3n, entre otros temas.<\/p>\n\n\n\n<p>Marta Santos Pais, Representante Especial del Secretario General de las Naciones Unidas alent\u00f3 a mantener presente la agenda de infancia durante el proceso electoral. Se\u00f1al\u00f3 con preocupaci\u00f3n que el miedo y el dolor son elementos que contin\u00faan presentes en la vida de ni\u00f1as y ni\u00f1os. Santos Pais dijo que en 2019 se cumple el 30 aniversario de la Convenci\u00f3n sobre los Derechos del Ni\u00f1o, una oportunidad para lograr que su conmemoraci\u00f3n no sea s\u00f3lo simb\u00f3lica sino que incluya acciones concretas en todos los pa\u00edses.<\/p>\n\n\n\n<p>En su intervenci\u00f3n, Esmeralda Arosemena Relatora de Ni\u00f1ez de la Comisi\u00f3n Interamericana de Derechos Humanos (CIDH) insisti\u00f3 en que debemos cuestionarnos sobre la cruda realidad que representa hacer da\u00f1o a un ni\u00f1o para que acepte las reglas \u00abel resultado sabemos, que es que hoy tenemos una cultura de violencia, no de paz\u00bb dijo, al recordar que hoy estamos construyendo la ciudadan\u00eda que queremos y que este es un compromiso de toda la sociedad y ser\u00eda un avance importante plantear que Am\u00e9rica Latina lleva la batuta en la prevenci\u00f3n del castigo corporal.<\/p>\n\n\n\n<p><em>\u201cUna legislaci\u00f3n integral y adecuadamente financiada es imprescindible, pero no es suficiente para erradicar la intolerable violencia contra ni\u00f1os y ni\u00f1as. Los cambios sociales y de comportamiento en las familias y las comunidades, as\u00ed como la implementaci\u00f3n de pol\u00edticas multi-sectoriales e interculturales, con perspectiva de g\u00e9nero y enfoque de derechos humanos son fundamentales para promover una crianza positiva y para garantizar a cada ni\u00f1o y ni\u00f1a una vida libre de violencia\u201d <\/em>asegur\u00f3 Mar\u00eda Cristina Perceval, Directora Regional de UNICEF para Am\u00e9rica Latina y el Caribe, a lo que a\u00f1adi\u00f3: \u201cUNICEF hace un urgente llamado a los gobiernos de la regi\u00f3n para que aseguren la prohibici\u00f3n total del castigo f\u00edsico en todos los \u00e1mbitos\u201d.<\/p>\n\n\n\n<p>V\u00edctor Giorgi, Director General del Instituto interamericano del Ni\u00f1o, la Ni\u00f1a y el Adolescente (INN) llam\u00f3 a recuperar y fortalecer las alianzas. Insisti\u00f3 en que detr\u00e1s de un castigo f\u00edsico se esconde la idea de la domesticaci\u00f3n bajo el mito de que es para \u00abalinear en los valores\u00bb. Se\u00f1al\u00f3 que desmontar esa cultura es mucho m\u00e1s dif\u00edcil que generar leyes por ello es necesario ser muy claros y eficientes en la implementaci\u00f3n de las mismas.<\/p>\n\n\n\n<p>Luis Ra\u00fal Gonz\u00e1lez P\u00e9rez, Presidente de la Comisi\u00f3n Nacional de Derechos Humanos, dijo que ning\u00fan grado de violencia debe ser permitido y que esta no puede justificarse. Record\u00f3 que en las Observaciones que emiti\u00f3 el Comit\u00e9 de los Derechos del Ni\u00f1o (ONU) al Estado mexicano apremi\u00f3 para que adoptara leyes y pol\u00edticas a favor de una vida sin violencia para la ni\u00f1ez en M\u00e9xico, entre estas medidas se\u00f1al\u00f3 que se debe asegurar que el castigo corporal sea expl\u00edcitamente prohibido en la legislaci\u00f3n, asimismo el Ombudsman remarc\u00f3 que la violencia no puede ser tolerada ni promovida por los Estados.<\/p>\n\n\n\n<p>En su momento, Juan Mart\u00edn P\u00e9rez Garc\u00eda, Secretario Ejecutivo de REDLAMYC, Red Latinoamericana y caribe\u00f1a por la defensa de los derechos de los ni\u00f1os, ni\u00f1as y adolescentes, organizaci\u00f3n convocante, refiri\u00f3 que la protecci\u00f3n de ni\u00f1os y ni\u00f1as \u00abno tiene l\u00edmite en la puerta de la casa\u00bb y que es un tema que concierne a toda la sociedad. Asimismo, se\u00f1al\u00f3 con preocupaci\u00f3n el v\u00ednculo entre el castigo corporal y el machismo, donde indic\u00f3 que se golpea a m\u00e1s ni\u00f1as que a ni\u00f1os por lo que para avanzar en la erradicaci\u00f3n del castigo corporal se debe de eliminar el machismo, en el cual los hombres siguen considerando a ni\u00f1as, ni\u00f1os y mujeres como parte de su propiedad. Finalmente, record\u00f3 que son las organizaciones de la sociedad civil quienes est\u00e1n trabajando en el terreno atendiendo a ni\u00f1as y ni\u00f1os, y por ello, invit\u00f3 a las autoridades a mantener el di\u00e1logo con la sociedad civil de forma inclusiva.<\/p>\n\n\n\n<p>La adolescente Imelda quien particip\u00f3 en el acto de inauguraci\u00f3n dijo que se debe cesar de sus funciones a maestros que abusan o violentan a los ni\u00f1os, y que las v\u00edctimas de estos delitos deben tener apoyo m\u00e9dico y psicol\u00f3gico para superarlo.<\/p>\n\n\n\n<p><strong>Media contact: <\/strong>Ver\u00f3nica Morales, Regional Communication Officer #TejiendoRedesInfancia +52 1 55 5620 9309<\/p>","protected":false},"excerpt":{"rendered":"<p>En el marco de la inauguraci\u00f3n de la Reuni\u00f3n Interamericana Sobre Castigo Corporal Contra Ni\u00f1as, Ni\u00f1os y Adolescentes participaron diversas autoridades del gobierno federal, as\u00ed como<span class=\"excerpt-hellip\"> [\u2026]<\/span><\/p>\n","protected":false},"author":1,"featured_media":1417,"comment_status":"open","ping_status":"open","sticky":false,"template":"","format":"standard","meta":{"_acf_changed":false,"footnotes":""},"categories":[18],"tags":[20,51,24,21,52],"class_list":["post-1416","post","type-post","status-publish","format-standard","has-post-thumbnail","hentry","category-sala-de-prensa","tag-tejiendoredesinfancia","tag-castigo-corporal","tag-derechos-por-la-ninez-y-la-infancia","tag-ollin-tv","tag-reunion-interamericana"],"acf":[],"_links":{"self":[{"href":"https:\/\/tejiendoredesinfancia.org\/en_us\/wp-json\/wp\/v2\/posts\/1416","targetHints":{"allow":["GET"]}}],"collection":[{"href":"https:\/\/tejiendoredesinfancia.org\/en_us\/wp-json\/wp\/v2\/posts"}],"about":[{"href":"https:\/\/tejiendoredesinfancia.org\/en_us\/wp-json\/wp\/v2\/types\/post"}],"author":[{"embeddable":true,"href":"https:\/\/tejiendoredesinfancia.org\/en_us\/wp-json\/wp\/v2\/users\/1"}],"replies":[{"embeddable":true,"href":"https:\/\/tejiendoredesinfancia.org\/en_us\/wp-json\/wp\/v2\/comments?post=1416"}],"version-history":[{"count":0,"href":"https:\/\/tejiendoredesinfancia.org\/en_us\/wp-json\/wp\/v2\/posts\/1416\/revisions"}],"wp:featuredmedia":[{"embeddable":true,"href":"https:\/\/tejiendoredesinfancia.org\/en_us\/wp-json\/wp\/v2\/media\/1417"}],"wp:attachment":[{"href":"https:\/\/tejiendoredesinfancia.org\/en_us\/wp-json\/wp\/v2\/media?parent=1416"}],"wp:term":[{"taxonomy":"category","embeddable":true,"href":"https:\/\/tejiendoredesinfancia.org\/en_us\/wp-json\/wp\/v2\/categories?post=1416"},{"taxonomy":"post_tag","embeddable":true,"href":"https:\/\/tejiendoredesinfancia.org\/en_us\/wp-json\/wp\/v2\/tags?post=1416"}],"curies":[{"name":"wp","href":"https:\/\/api.w.org\/{rel}","templated":true}]}}