{"id":1799,"date":"2021-12-07T14:18:48","date_gmt":"2021-12-07T20:18:48","guid":{"rendered":"https:\/\/tejiendoredesinfancia.org\/?p=1799"},"modified":"2021-12-07T14:18:56","modified_gmt":"2021-12-07T20:18:56","slug":"justicia-penal-juvenil-aportes-a-un-debate-respetuoso","status":"publish","type":"post","link":"https:\/\/tejiendoredesinfancia.org\/en_us\/publicaciones\/justicia-penal-juvenil-aportes-a-un-debate-respetuoso\/","title":{"rendered":"Justicia penal juvenil: Aportes a un debate respetuoso"},"content":{"rendered":"<p class=\"has-drop-cap\">La llamada justicia de responsabilidad penal juvenil, reconoce los derechos y garant\u00edas del debido proceso a los y las adolescentes que son acusados de haber participado en la comisi\u00f3n de una infracci\u00f3n a la ley penal, en el marco de una justicia especialmente dise\u00f1ada teniendo en cuenta la edad y desarrollo, cumpliendo con los derechos garantizados en la Convenci\u00f3n sobre los Derechos del Ni\u00f1o (CDN). De este modo, en el marco de los principios que define el conjunto de la normativa internacional sobre este tema, con el fin de dar una mayor protecci\u00f3n a los y las adolescentes, estos derechos y garant\u00edas son reconocidos con mayor intensidad que en la justicia de las personas adultas.<\/p>\n\n\n\n            <div \n                class=\"elfsight-widget-pdf-embed elfsight-widget\" \n                data-elfsight-pdf-embed-options=\"%7B%22files%22%3A%5B%7B%22link%22%3A%22https%3A%5C%2F%5C%2Ftejiendoredesinfancia.org%5C%2Fwp-content%5C%2Fuploads%5C%2F2021%5C%2F12%5C%2FJUSTICIA-PENAL.pdf%22%2C%22name%22%3A%22%22%2C%22previewImage%22%3Anull%7D%5D%2C%22widgetTitle%22%3A%22%22%2C%22layout%22%3A%22viewer%22%2C%22showIcon%22%3Atrue%2C%22icon%22%3A%22icon-3%22%2C%22previewImageSize%22%3A30%2C%22showDownloadLink%22%3Atrue%2C%22downloadLinkText%22%3A%22Descargar%22%2C%22width%22%3A%22100%25%22%2C%22heightFactor%22%3A0.90000000000000002220446049250313080847263336181640625%2C%22iconColor%22%3A%22rgb%28222%2C%2043%2C%2051%29%22%2C%22nameColor%22%3A%22rgb%2817%2C%2017%2C%2017%29%22%2C%22downloadColor%22%3A%22rgb%2828%2C%20145%2C%20255%29%22%2C%22backgroundColor%22%3Anull%2C%22fileBackgroundColor%22%3Anull%2C%22widgetTitleColor%22%3A%22rgb%2817%2C%2017%2C%2017%29%22%2C%22nameFontSize%22%3A15%2C%22downloadFontSize%22%3A13%2C%22widgetTitleFontSize%22%3A20%2C%22widgetId%22%3A%2216%22%7D\" \n                data-elfsight-pdf-embed-version=\"1.1.1\"\n                data-elfsight-widget-id=\"elfsight-pdf-embed-16\">\n            <\/div>","protected":false},"excerpt":{"rendered":"<p>La llamada justicia de responsabilidad penal juvenil, reconoce los derechos y garant\u00edas del debido proceso a los y las adolescentes que son acusados de haber participado<span class=\"excerpt-hellip\"> [\u2026]<\/span><\/p>\n","protected":false},"author":1,"featured_media":1800,"comment_status":"open","ping_status":"open","sticky":false,"template":"","format":"standard","meta":{"_acf_changed":false,"footnotes":""},"categories":[19],"tags":[20,24,64,54],"class_list":["post-1799","post","type-post","status-publish","format-standard","has-post-thumbnail","hentry","category-publicaciones","tag-tejiendoredesinfancia","tag-derechos-por-la-ninez-y-la-infancia","tag-justicia","tag-politicas-publicas"],"acf":[],"_links":{"self":[{"href":"https:\/\/tejiendoredesinfancia.org\/en_us\/wp-json\/wp\/v2\/posts\/1799","targetHints":{"allow":["GET"]}}],"collection":[{"href":"https:\/\/tejiendoredesinfancia.org\/en_us\/wp-json\/wp\/v2\/posts"}],"about":[{"href":"https:\/\/tejiendoredesinfancia.org\/en_us\/wp-json\/wp\/v2\/types\/post"}],"author":[{"embeddable":true,"href":"https:\/\/tejiendoredesinfancia.org\/en_us\/wp-json\/wp\/v2\/users\/1"}],"replies":[{"embeddable":true,"href":"https:\/\/tejiendoredesinfancia.org\/en_us\/wp-json\/wp\/v2\/comments?post=1799"}],"version-history":[{"count":0,"href":"https:\/\/tejiendoredesinfancia.org\/en_us\/wp-json\/wp\/v2\/posts\/1799\/revisions"}],"wp:featuredmedia":[{"embeddable":true,"href":"https:\/\/tejiendoredesinfancia.org\/en_us\/wp-json\/wp\/v2\/media\/1800"}],"wp:attachment":[{"href":"https:\/\/tejiendoredesinfancia.org\/en_us\/wp-json\/wp\/v2\/media?parent=1799"}],"wp:term":[{"taxonomy":"category","embeddable":true,"href":"https:\/\/tejiendoredesinfancia.org\/en_us\/wp-json\/wp\/v2\/categories?post=1799"},{"taxonomy":"post_tag","embeddable":true,"href":"https:\/\/tejiendoredesinfancia.org\/en_us\/wp-json\/wp\/v2\/tags?post=1799"}],"curies":[{"name":"wp","href":"https:\/\/api.w.org\/{rel}","templated":true}]}}