{"id":1882,"date":"2022-12-13T11:25:18","date_gmt":"2022-12-13T17:25:18","guid":{"rendered":"https:\/\/tejiendoredesinfancia.org\/?p=1882"},"modified":"2022-12-13T13:12:58","modified_gmt":"2022-12-13T19:12:58","slug":"llamamos-al-estado-peruano-a-investigar-los-asesinatos-y-proteger-el-derecho-a-la-manifestacion-de-adolescentes-y-jovenes","status":"publish","type":"post","link":"https:\/\/tejiendoredesinfancia.org\/en_us\/sala-de-prensa\/llamamos-al-estado-peruano-a-investigar-los-asesinatos-y-proteger-el-derecho-a-la-manifestacion-de-adolescentes-y-jovenes\/","title":{"rendered":"Llamamos al estado peruano a investigar los asesinatos, y proteger el derecho a la manifestaci\u00f3n de adolescentes y j\u00f3venes"},"content":{"rendered":"<p>\u2022 Uso desproporcionado de la fuerza p\u00fablica en Per\u00fa, deja al menos 4 personas j\u00f3venes v\u00edctimas.<\/p>\n\n\n\n<p>\u2022 Observamos con preocupaci\u00f3n la creciente polarizaci\u00f3n del debate p\u00fablico con fuertes sesgos de racismo y clasismo.<\/p>\n\n\n\n<p>\u2022 El presente y el futuro de ni\u00f1as, ni\u00f1os y personas j\u00f3venes en Per\u00fa demanda acciones hoy.<\/p>\n\n\n\n<p><em>12 de diciembre de 2022<\/em>.- Despu\u00e9s de la ruptura constitucional en Per\u00fa, y la posterior aprehensi\u00f3n del expresidente, Pedro Castillo, acusado de graves acciones de corrupci\u00f3n; la crisis pol\u00edtica del pa\u00eds contin\u00faa agudiz\u00e1ndose. Al momento se han reportado al menos cuatro j\u00f3venes y adolescentes asesinados. Nos solidarizamos con las familias v\u00edctimas y con las personas que han sido violentadas durante las manifestaciones.<\/p>\n\n\n\n<p>En gran parte del territorio peruano, se est\u00e1n realizando manifestaciones que reclaman adelantar elecciones y disolver el congreso. La Comisi\u00f3n Interamericana de Derechos Humanos (CIDH) ha realizado el llamado a las instituciones del Estado peruano para proteger el derecho a la protesta y vigilar la actuaci\u00f3n de la polic\u00eda debido al uso desproporcionado de la fuerza p\u00fablica.<\/p>\n\n\n\n<p>Desde Tejiendo Redes Infancia en Am\u00e9rica Latina y el Caribe y el Grupo de Iniciativa Nacional por los Derechos del Ni\u00f1o (GIN &#8211; Per\u00fa), nos solidarizamos con la familia de David Atequiza, adolescente de 15 a\u00f1os integrante del Movimiento Nacional de Ni\u00f1os y Ni\u00f1as Trabajadores de Per\u00fa (MNNATSOP), y condenamos el asesinato de los j\u00f3venes Christian \u00c1lex y Beckham Romario, durante las protestas del fin de semana. Hacemos un llamado urgente para investigar de manera eficaz estos asesinatos y presentar a los presuntos responsables ante los tribunales, para evitar la impunidad y ofrecer garant\u00edas de no repetici\u00f3n.<\/p>\n\n\n\n<p>Observamos con preocupaci\u00f3n la creciente polarizaci\u00f3n del debate p\u00fablico con fuertes sesgos de racismo y clasismo, que enrarecen las redes sociales.<\/p>\n\n\n\n<p>Por lo anterior, desde Tejiendo Redes Infancia y GIN \u2013 Per\u00fa hacemos el llamado:<\/p>\n\n\n\n<p>\u2022&nbsp;&nbsp;&nbsp;&nbsp;&nbsp;&nbsp;&nbsp;&nbsp;&nbsp; A investigar de manera eficaz los asesinatos, presentar a quienes resulten responsables ante los tribunales, evitar la impunidad y ofrecer garant\u00edas de no repetici\u00f3n.<\/p>\n\n\n\n<p>\u2022&nbsp;&nbsp;&nbsp;&nbsp;&nbsp;&nbsp;&nbsp;&nbsp;&nbsp; Al Estado Peruano para que brinde protecci\u00f3n y&nbsp; garantice el derecho a la protesta, especialmente de personas adolescentes y j\u00f3venes que est\u00e1n ejerciendo sus derechos pol\u00edticos.<\/p>\n\n\n\n<p>\u2022&nbsp;&nbsp;&nbsp;&nbsp;&nbsp;&nbsp;&nbsp;&nbsp;&nbsp; A cumplir con sus obligaciones internacionales, que todas las fuerzas del orden p\u00fablico se gu\u00eden por los principios de los derechos humanos y el uso de protocolos policiales para proteger la vida e integridad de todas las personas que ejercen su derecho a la protesta.<\/p>\n\n\n\n<p>\u2022&nbsp;&nbsp;&nbsp;&nbsp;&nbsp;&nbsp;&nbsp;&nbsp;&nbsp; A la comunidad internacional a acompa\u00f1ar el proceso hacia un di\u00e1logo nacional que permita encontrar los puntos de consenso pol\u00edtico que exigen las y los ciudadanos.<\/p>\n\n\n\n<p>Saludamos el anuncio de la presidenta de adelantar las elecciones para el 2024, por lo que es necesario establecer una hoja de ruta para superar la crisis institucional por la que ahora atraviesan.<\/p>\n\n\n\n<p><strong>Atentamente,<\/strong><\/p>\n\n\n\n<p>Juan Mart\u00edn P\u00e9rez Garc\u00eda<\/p>\n\n\n\n<p>Coordinador regional @juanmartinmx<\/p>\n\n\n\n<p>Ana Mar\u00eda Watson<\/p>\n\n\n\n<p>Grupo de Iniciativa Nacional por los Derechos del Ni\u00f1o, GIN-Per\u00fa<\/p>","protected":false},"excerpt":{"rendered":"<p>\u2022 Uso desproporcionado de la fuerza p\u00fablica en Per\u00fa, deja al menos 4 personas j\u00f3venes v\u00edctimas. \u2022 Observamos con preocupaci\u00f3n la creciente polarizaci\u00f3n del debate p\u00fablico<span class=\"excerpt-hellip\"> [\u2026]<\/span><\/p>\n","protected":false},"author":1,"featured_media":1884,"comment_status":"open","ping_status":"open","sticky":false,"template":"","format":"standard","meta":{"_acf_changed":false,"footnotes":""},"categories":[18],"tags":[],"class_list":["post-1882","post","type-post","status-publish","format-standard","has-post-thumbnail","hentry","category-sala-de-prensa"],"acf":[],"_links":{"self":[{"href":"https:\/\/tejiendoredesinfancia.org\/en_us\/wp-json\/wp\/v2\/posts\/1882","targetHints":{"allow":["GET"]}}],"collection":[{"href":"https:\/\/tejiendoredesinfancia.org\/en_us\/wp-json\/wp\/v2\/posts"}],"about":[{"href":"https:\/\/tejiendoredesinfancia.org\/en_us\/wp-json\/wp\/v2\/types\/post"}],"author":[{"embeddable":true,"href":"https:\/\/tejiendoredesinfancia.org\/en_us\/wp-json\/wp\/v2\/users\/1"}],"replies":[{"embeddable":true,"href":"https:\/\/tejiendoredesinfancia.org\/en_us\/wp-json\/wp\/v2\/comments?post=1882"}],"version-history":[{"count":0,"href":"https:\/\/tejiendoredesinfancia.org\/en_us\/wp-json\/wp\/v2\/posts\/1882\/revisions"}],"wp:featuredmedia":[{"embeddable":true,"href":"https:\/\/tejiendoredesinfancia.org\/en_us\/wp-json\/wp\/v2\/media\/1884"}],"wp:attachment":[{"href":"https:\/\/tejiendoredesinfancia.org\/en_us\/wp-json\/wp\/v2\/media?parent=1882"}],"wp:term":[{"taxonomy":"category","embeddable":true,"href":"https:\/\/tejiendoredesinfancia.org\/en_us\/wp-json\/wp\/v2\/categories?post=1882"},{"taxonomy":"post_tag","embeddable":true,"href":"https:\/\/tejiendoredesinfancia.org\/en_us\/wp-json\/wp\/v2\/tags?post=1882"}],"curies":[{"name":"wp","href":"https:\/\/api.w.org\/{rel}","templated":true}]}}