{"id":2024,"date":"2023-10-18T13:37:46","date_gmt":"2023-10-18T19:37:46","guid":{"rendered":"https:\/\/tejiendoredesinfancia.org\/?p=2024"},"modified":"2023-10-18T13:40:23","modified_gmt":"2023-10-18T19:40:23","slug":"llamado-urgente-a-contener-los-discursos-de-odio-y-las-narrativas-de-guerra-exigimos-proteccion-internacional-de-derechos-de-la-ninez-en-israel-y-palestina","status":"publish","type":"post","link":"https:\/\/tejiendoredesinfancia.org\/en_us\/sala-de-prensa\/llamado-urgente-a-contener-los-discursos-de-odio-y-las-narrativas-de-guerra-exigimos-proteccion-internacional-de-derechos-de-la-ninez-en-israel-y-palestina\/","title":{"rendered":"Llamado urgente a contener los discursos de odio y las narrativas de guerra, exigimos protecci\u00f3n internacional de derechos de la ni\u00f1ez en Israel y Palestina"},"content":{"rendered":"<ul class=\"wp-block-list\">\n<li>UNICEF y Amnist\u00eda Internacional reportan que miles de ni\u00f1os y ni\u00f1as han muerto y otros miles han resultado heridos m\u00e1s de una semana despu\u00e9s del comienzo de la guerra.<\/li>\n\n\n\n<li>Ninguna guerra beneficia a los ni\u00f1os y ni\u00f1as, ni a los habitantes de un territorio, pero sobre todo, todas las guerras dejan profundas heridas en su ni\u00f1ez y su juventud.<\/li>\n\n\n\n<li>Es responsabilidad de la comunidad internacional intervenir con determinaci\u00f3n, detener el flujo de armas y recursos financieros, y priorizar la vida sobre cualquier inter\u00e9s pol\u00edtico o religioso.<\/li>\n<\/ul>\n\n\n\n<p><em>17 de octubre de 2023.-<\/em> En medio del largo conflicto en Israel y Palestina, es imperativo recordar que todas las ni\u00f1as y ni\u00f1os tienen derecho a vivir libres de violencia y del flagelo de la guerra. El Art\u00edculo 38-4 de la Convenci\u00f3n sobre los Derechos del Ni\u00f1o de la ONU sobre infancias y conflictos armados establece: \u201cDe conformidad con las obligaciones dimanadas del derecho internacional humanitario de proteger a la poblaci\u00f3n civil durante los conflictos armados, los Estados Partes adoptar\u00e1n todas las medidas posibles para asegurar la protecci\u00f3n y el cuidado de los ni\u00f1os afectados por un conflicto armado.\u201d Es vital recordar que los Estado de Israel, de Medio Oriente, Estados Unidos y la Uni\u00f3n Europea est\u00e1n obligados a salvaguardar estos derechos para la ni\u00f1ez en Israel y en los territorios palestinos.<\/p>\n\n\n\n<p>Estamos siendo testigos de cr\u00edmenes de guerra que exigen una respuesta global para priorizar la inmediata protecci\u00f3n de las infancias y personas j\u00f3venes bajo asedio. Recordamos que la Declaraci\u00f3n Universal de Derechos Humanos, promulgada hace 75 a\u00f1os tras la Segunda Guerra Mundial, afirm\u00f3 la incompatibilidad entre las guerras y el progreso de la humanidad. Las diversas resoluciones de las Naciones Unidas desde 1948 a la fecha, buscan salidas pac\u00edficas en la regi\u00f3n, subrayando la urgencia de proporcionar un entorno libre de violencia, la construcci\u00f3n de una cultura de paz y di\u00e1logo intercultural.<\/p>\n\n\n\n<p>En Tejiendo Redes Infancia en Am\u00e9rica Latina y el Caribe, consideramos esencial reconocer que todas las guerras, sin excepci\u00f3n, tienen un impacto devastador en la vida de las ni\u00f1as, los ni\u00f1os, las mujeres y los j\u00f3venes. No se trata de tomar partido en este conflicto, sino de abogar por el sentido de la especie humana en su conjunto. Ninguna guerra beneficia a la humanidad. Ninguna guerra beneficia a las ni\u00f1as y los ni\u00f1os, ni a los habitantes de un territorio. Todas las guerras destruyen, todas las guerras tienen p\u00e9rdidas fatales, pero sobre todo, todas las guerras dejan profundas heridas en su ni\u00f1ez y su juventud.<\/p>\n\n\n\n<p>Es responsabilidad de la comunidad internacional intervenir con determinaci\u00f3n, detener el flujo de armas y recursos financieros, y priorizar la vida sobre cualquier inter\u00e9s pol\u00edtico o religioso. Hoy tenemos la oportunidad de detener este conflicto antes de que el negocio multimillonario de la guerra provoque su escalamiento a otros pa\u00edses y evitar que los discursos de odio se multipliquen y las narrativas de guerra se globalicen, m\u00e1s a\u00fan cuando sigue sangrando la guerra de Rusia y Ucrania; los diversos conflictos armados en \u00c1frica y la violencia armada generalizada en M\u00e9xico y Am\u00e9rica Latina. Esta realidad nos impone la obligaci\u00f3n \u00e9tica de proteger la vida de todas las personas y la integridad de ni\u00f1as, ni\u00f1os y personas j\u00f3venes.<\/p>\n\n\n\n<p>Resulta vital denunciar y condenar las acciones inhumanas llevadas a cabo por el grupo terrorista Ham\u00e1s, as\u00ed como exigir a Israel detener los ataques directos a poblaci\u00f3n en Gaza; est\u00e1 obligado a responder de manera proporcional centrada en contener agresiones sin escaladas, o ataques a la poblaci\u00f3n civil y respetuosa del Derecho Internacional que establece reglas precisas en cualquier guerra. As\u00ed como la protecci\u00f3n internacional a periodistas, personal de organismos internacionales como la Cruz Roja Internacional y Naciones Unidas que trabajan para proteger la vida de las personas civiles en zonas de conflicto.<\/p>\n\n\n\n<p>El impacto de la violencia sobre las ni\u00f1as y los ni\u00f1os va m\u00e1s all\u00e1 de la zona en conflicto, millones de ni\u00f1as, ni\u00f1os y personas j\u00f3venes est\u00e1n siguiendo en tiempo real -por internet- las im\u00e1genes terribles de violencia, la desinformaci\u00f3n, los discursos de odio y una visi\u00f3n distorsionada de la resoluci\u00f3n de conflictos basada en la venganza y el odio.<\/p>\n\n\n\n<p>En este contexto, consideramos urgente que los medios de comunicaci\u00f3n asuman el compromiso de crear contenidos apropiados para las infancias con un manejo \u00e9tico de la informaci\u00f3n; a las familias para tener conversaciones sobre el impacto de la guerra en la vida emocional de sus hijas e hijos y animarles a participar en la construcci\u00f3n de la paz; a las plataformas de contenidos digitales a trabajar intensamente para evitar alimentar \u201cel algoritmo del odio\u201d y a las autoridades recordar su responsabilidad de desarrollar programas efectivos para evitar da\u00f1os a la salud mental de millones de ni\u00f1as, ni\u00f1os y personas j\u00f3venes.<\/p>\n\n\n\n<p>Finalmente, desde Tejiendo Redes Infancia, llamamos al cese de las hostilidades y\u202frecordamos a los Estados sus obligaciones en el marco del Derecho Internacional Humanitario, y su responsabilidad de brindar y garantizar protecci\u00f3n especial a las ni\u00f1as y los ni\u00f1os.<\/p>\n\n\n\n<p><strong>Atentamente<\/strong><\/p>\n\n\n\n<p>Juan Mart\u00edn P\u00e9rez Garc\u00eda<br>Coordinador regional<br>@juanmartinmx<\/p>\n\n\n\n<p><\/p>\n\n\n\n<p>Foto portada: UNICEF<\/p>","protected":false},"excerpt":{"rendered":"<p>Llamado urgente a contener los discursos de odio y las narrativas de guerra, exigimos protecci\u00f3n internacional de derechos de la ni\u00f1ez en Israel y Palestina<\/p>","protected":false},"author":1,"featured_media":2025,"comment_status":"closed","ping_status":"closed","sticky":false,"template":"","format":"standard","meta":{"_acf_changed":false,"footnotes":""},"categories":[18],"tags":[121,120,122,119,123,125],"class_list":["post-2024","post","type-post","status-publish","format-standard","has-post-thumbnail","hentry","category-sala-de-prensa","tag-guerra","tag-infancia","tag-israel","tag-ninez-primero","tag-palestina","tag-paz"],"acf":[],"_links":{"self":[{"href":"https:\/\/tejiendoredesinfancia.org\/en_us\/wp-json\/wp\/v2\/posts\/2024","targetHints":{"allow":["GET"]}}],"collection":[{"href":"https:\/\/tejiendoredesinfancia.org\/en_us\/wp-json\/wp\/v2\/posts"}],"about":[{"href":"https:\/\/tejiendoredesinfancia.org\/en_us\/wp-json\/wp\/v2\/types\/post"}],"author":[{"embeddable":true,"href":"https:\/\/tejiendoredesinfancia.org\/en_us\/wp-json\/wp\/v2\/users\/1"}],"replies":[{"embeddable":true,"href":"https:\/\/tejiendoredesinfancia.org\/en_us\/wp-json\/wp\/v2\/comments?post=2024"}],"version-history":[{"count":0,"href":"https:\/\/tejiendoredesinfancia.org\/en_us\/wp-json\/wp\/v2\/posts\/2024\/revisions"}],"wp:featuredmedia":[{"embeddable":true,"href":"https:\/\/tejiendoredesinfancia.org\/en_us\/wp-json\/wp\/v2\/media\/2025"}],"wp:attachment":[{"href":"https:\/\/tejiendoredesinfancia.org\/en_us\/wp-json\/wp\/v2\/media?parent=2024"}],"wp:term":[{"taxonomy":"category","embeddable":true,"href":"https:\/\/tejiendoredesinfancia.org\/en_us\/wp-json\/wp\/v2\/categories?post=2024"},{"taxonomy":"post_tag","embeddable":true,"href":"https:\/\/tejiendoredesinfancia.org\/en_us\/wp-json\/wp\/v2\/tags?post=2024"}],"curies":[{"name":"wp","href":"https:\/\/api.w.org\/{rel}","templated":true}]}}