{"id":2067,"date":"2023-11-15T14:59:08","date_gmt":"2023-11-15T20:59:08","guid":{"rendered":"https:\/\/tejiendoredesinfancia.org\/?p=2067"},"modified":"2023-12-10T16:42:07","modified_gmt":"2023-12-10T22:42:07","slug":"sumate-a-la-campana-21-dias-de-activismo-global-enconexionconlaninez","status":"publish","type":"post","link":"https:\/\/tejiendoredesinfancia.org\/en_us\/campanas\/sumate-a-la-campana-21-dias-de-activismo-global-enconexionconlaninez\/","title":{"rendered":"Campa\u00f1a en redes sociales"},"content":{"rendered":"<p><\/p>\n\n\n\n<p class=\"has-medium-font-size\">\u201c21 D\u00edas de Activismo Global #EnConexi\u00f3nConLaNi\u00f1ez\u201d  <br>Del 20 de Noviembre, Aniversario de la Convenci\u00f3n sobre los Derechos del Ni\u00f1o &#8211; al 10 de diciembre D\u00eda de los Derechos Humanos<\/p>\n\n\n\n<p><strong>Contexto&nbsp;&nbsp;&nbsp;&nbsp;&nbsp;&nbsp;&nbsp;&nbsp;&nbsp;<\/strong><\/p>\n\n\n\n<p>Coincidiendo en la importancia de mantener las actividades del Consorcio para el empoderamiento y la participaci\u00f3n de ni\u00f1as, ni\u00f1os y j\u00f3venes (#CCYEP) en el contexto de la conmemoraci\u00f3n de dos de los tratados internacionales m\u00e1s importantes en materia de derechos humanos, pensamos que es una buena oportunidad para realizar sinergia de nuestras acciones programadas o por realizar en estos dos meses.<\/p>\n\n\n\n<p>El 10 de diciembre de 2023 se cumple 75 a\u00f1os de la Declaraci\u00f3n Universal de los Derechos Humanos (DUDH).&nbsp; La DUDH fue adoptada por la Asamblea General de las Naciones Unidas en 1948 y establece los derechos y libertades b\u00e1sicos a los que todos los seres humanos tienen derecho, independientemente de su condici\u00f3n o de d\u00f3nde hayan nacido.<\/p>\n\n\n\n<p>La Oficina del Alto Comisionado de las Naciones Unidas para los Derechos Humanos ha lanzado una campa\u00f1a de divulgaci\u00f3n sobre la DUDH 75 para aumentar el conocimiento sobre la universalidad y la indivisibilidad de los derechos humanos. El Secretario General de las Naciones Unidas, Ant\u00f3nio Guterres, record\u00f3 que la DUDH establece los derechos a la vida, la libertad y la seguridad, a la igualdad ante la ley, a la libertad de expresi\u00f3n, a solicitar asilo, al trabajo, a la asistencia sanitaria ya la educaci\u00f3n, entre otros. A pesar de los avances en la protecci\u00f3n de los derechos humanos en los \u00faltimos 75 a\u00f1os, la DUDH sigue siendo atacada y violada en todo el mundo. El Alto Comisionado de la ONU para los Derechos Humanos, Volker T\u00fcrk, ha destacado que las garant\u00edas fundamentales son \u201cla lengua com\u00fan que comparte toda la humanidad\u201d y que revivir el compromiso con la DUDH y todas sus promesas, desde las libertades individuales hasta los derechos econ\u00f3micos, solo puede ser positivo para todos nosotros.<\/p>\n\n\n\n<p>El pr\u00f3ximo 20 de noviembre se cumplen 34 a\u00f1os, desde que se firm\u00f3 en 1989 la Convenci\u00f3n sobre los Derechos del Ni\u00f1o (CDN) en la Asamblea General de las Naciones Unidas. La CDN es el primer tratado internacional especializado de car\u00e1cter obligatorio que reconoce los derechos humanos de todos los ni\u00f1os, ni\u00f1as y adolescentes del mundo. La Convenci\u00f3n establece los derechos en sus 54 art\u00edculos y protocolos facultativos, definiendo los derechos humanos b\u00e1sicos que deben disfrutar los ni\u00f1os, las ni\u00f1as y adolescentes.<\/p>\n\n\n\n<p>La CDN establece que los Estados que lo ratifican deben asegurar de manera obligatoria que todos los menores de 18 a\u00f1os gocen de los derechos contenidos en ella sin distinci\u00f3n de raza, color, idioma, nacimiento o cualquier otra condici\u00f3n del ni\u00f1o\/a, de sus padres. o de sus representantes legales. La Convenci\u00f3n, como primera ley internacional sobre los derechos de los ni\u00f1os y ni\u00f1as, es de car\u00e1cter obligatorio para los Estados firmantes. La Convenci\u00f3n ha sido ratificada por 190 pa\u00edses, con excepci\u00f3n de Estados Unidos; es fundamental para la protecci\u00f3n de los derechos de los ni\u00f1os y ni\u00f1as en todo el mundo, pero a\u00fan queda mucho por hacer para garantizar que todos los ni\u00f1os y ni\u00f1as disfruten plenamente de sus derechos.<\/p>\n\n\n\n<p>A pesar de que existen tratados internacionales que reconocen los derechos humanos de los ni\u00f1os y ni\u00f1as, la vida de la mayor\u00eda de ellos no cambia debido a diversos factores, entre los que se encuentran:<\/p>\n\n\n\n<ul class=\"wp-block-list\">\n<li><strong>Resistencia al cambio cultural:<\/strong> Muchas personas adultas y autoridades, no est\u00e1n conscientes o se resisten a reconocer los derechos de los ni\u00f1os y ni\u00f1as, lo que puede llevar a la violaci\u00f3n de sus derechos.<\/li>\n\n\n\n<li><strong>Discriminaci\u00f3n estructural:<\/strong> La cultura adultoc\u00e9ntrica considera inferiores a todos los ni\u00f1os y ni\u00f1as, y con mayor gravedad a quienes pertenecen a grupos vulnerables, como los que viven en la pobreza, tienen discapacidades o los que pertenecen a minor\u00edas \u00e9tnicas y afrodescendientes impidi\u00e9ndoles el acceso a sus derechos.<\/li>\n\n\n\n<li><strong>Fallas de implementaci\u00f3n:<\/strong> Aunque los Estados han ratificado los tratados internacionales, no siempre los implementan de manera efectiva en sus leyes y pol\u00edticas p\u00fablicas.<\/li>\n\n\n\n<li><strong>Violencia armada:<\/strong> Los ni\u00f1os y ni\u00f1as que viven en zonas de conflicto armado son especialmente vulnerables a la violaci\u00f3n de sus derechos humanos.<\/li>\n<\/ul>\n\n\n\n<p>Reconociendo que superar la cultura adultoc\u00e9ntrica amerita una aproximaci\u00f3n creativa y divulgativa que permita apertura a la escucha promoveremos el concepto del di\u00e1logo intergeneracional a trav\u00e9s de nuevas conexiones entre el mundo adulto y las infancias; es decir, de manera cotidiana existen diferentes temas o ideas para intercambiar saberes, compartir intereses y realizar acciones intergeneracionales como oportunidad para superar la cultura adultoc\u00e9ntrica:<\/p>\n\n\n\n<p><strong>Conexiones desde los intereses compartidos:<\/strong> El uso de las tecnolog\u00edas pueden crear conexiones de las infancias y juventudes con el mundo adulto. Por ejemplo, es una oportunidad para promover el uso responsable de la tecnolog\u00eda y la ciudadan\u00eda digital.<\/p>\n\n\n\n<p><strong>Conexiones desde problemas compartidos<\/strong>: Existen violaci\u00f3n a derechos de las infancias, juventudes y personas adultas, teniendo impactos diferenciados por generaciones. Por ejemplo: <strong>seguridad digital, violencia armada, violencia de g\u00e9nero y discriminaci\u00f3n raci<\/strong>al. Al hacer esta conexi\u00f3n, se puede promover la solidaridad intergeneracional y que respete los derechos de las infancias y juventudes.<\/p>\n\n\n\n<p><strong>Conexiones desde las acciones compartidas:<\/strong> Al conectar problem\u00e1ticas e intereses compartidos entre diferentes generaciones, ser\u00eda posible realizar llamados a la acci\u00f3n a respetar la dignidad y promover la autonom\u00eda progresiva de las infancias y juventudes.<\/p>\n\n\n\n<p><\/p>\n\n\n\n<p><strong>Propuesta de campa\u00f1a en redes sociales \u2013 \u201c21 D\u00edas de Activismo Global En conexi\u00f3n con la ni\u00f1ez&#8221; (20 de noviembre al 10 de diciembre del 2023)<\/strong><\/p>\n\n\n\n<p><strong>Objetivo de la campa\u00f1a:<\/strong><\/p>\n\n\n\n<p>Mejorar el reconocimiento de los derechos humanos de las infancias y personas j\u00f3venes, cuestionando el adultocentrismo y animando a la apertura para promover el di\u00e1logo intergeneracional a trav\u00e9s de nuevas conexiones entre el mundo adulto y las infancias<\/p>\n\n\n\n<p><strong>Objetivos espec\u00edficos:<\/strong><\/p>\n\n\n\n<ol class=\"wp-block-list\">\n<li>Generar conciencia y promover la reflexi\u00f3n sobre las problem\u00e1ticas comunes entre ni\u00f1as, ni\u00f1os, j\u00f3venes y personas adultas que encuentran soluciones con el di\u00e1logo intergeneracional.<\/li>\n\n\n\n<li>Lanzar un llamado a la acci\u00f3n para 21 d\u00edas de activismo desde el 20 de noviembre al 10 de diciembre, para encontrar las conexiones entre los derechos humanos de las ni\u00f1as, ni\u00f1os, personas j\u00f3venes y el mundo adulto.<\/li>\n\n\n\n<li>Motivar a las personas a usar su poder adulto a favor de la lucha por los derechos de las ni\u00f1as, ni\u00f1os y personas j\u00f3venes frente a la seguridad digital, violencia armada, violencia de g\u00e9nero y discriminaci\u00f3n racial.<\/li>\n<\/ol>\n\n\n\n<p><strong>Audiencia objetivo:<\/strong><\/p>\n\n\n\n<p>&#8211; Personas adultas, unidades familiares, educadores, l\u00edderes comunitarios, funcionarios p\u00fablicos, pol\u00edticos y organizaciones sociales.<\/p>\n\n\n\n<p><strong>Redes Sociales de las organizaciones del Consorcio para el empoderamiento y la participaci\u00f3n de ni\u00f1as, ni\u00f1os y j\u00f3venes (#CCYEP):<\/strong><\/p>\n\n\n\n<p>&#8211; Facebook: Donde se compartir\u00e1n art\u00edculos informativos y debates en grupo.<\/p>\n\n\n\n<p>&#8211; Instagram y TikTok: Para compartir contenido visual atractivo y concienciar a trav\u00e9s de historias y publicaciones.<\/p>\n\n\n\n<p>&#8211; Twitter: Donde se impulsar\u00e1 la conversaci\u00f3n usando hashtags y participaci\u00f3n de la audiencia.<\/p>\n\n\n\n<p><strong>Din\u00e1mica de participaci\u00f3n:<\/strong><\/p>\n\n\n\n<p>Invitamos a todas las organizaciones del Consorcio global a unirse a los 21 d\u00edas de activismo, del 20 de noviembre al 10 de diciembre de varias maneras:<\/p>\n\n\n\n<ol class=\"wp-block-list\" style=\"list-style-type:lower-alpha\">\n<li>Sum\u00e1ndose a la campa\u00f1a desde sus propias redes sociales, difundiendo los mensajes, hastag y gr\u00e1ficos generales y de los ejes tem\u00e1ticos que sean de su inter\u00e9s, durante las tres semanas de difusi\u00f3n.<\/li>\n\n\n\n<li>Compartiendo en un calendario colectivo sus actividades presenciales o virtuales (ya programadas o nuevas iniciativas) en torno a la celebraci\u00f3n de los 34 a\u00f1os de la Convenci\u00f3n sobre los Derechos del Ni\u00f1o (CDN) y 75 a\u00f1os de la Declaraci\u00f3n Universal de los Derechos Humanos (DUDH) a trav\u00e9s webinars, historias, recursos y testimonios que destaquen el v\u00ednculo entre los dos tratados internacionales a favor de los derechos de las ni\u00f1as, ni\u00f1os y personas j\u00f3venes.<\/li>\n\n\n\n<li>Mencionando la campa\u00f1a global con sus organizaciones aliadas, socias financieras, periodistas y otros canales de difusi\u00f3n.<\/li>\n<\/ol>\n\n\n\n<p><strong>Realizaremos tres etapas de campa\u00f1a con mensajes generales, que se complementar\u00e1n con cuatro ejes tem\u00e1ticos:<\/strong><\/p>\n\n\n\n<p><strong>Etapa 1: Reconoce sus derechos (20 al 26 de noviembre)<\/strong><\/p>\n\n\n\n<p>Iniciaremos la campa\u00f1a haciendo notar la equivalencia humana de la ni\u00f1ez con las personas adultas.<\/p>\n\n\n\n<p><strong>Algunas sugerencias de mensajes<\/strong> (aproximadamente 250 caracteres):<\/p>\n\n\n\n<ol class=\"wp-block-list\">\n<li><em><\/em><em>\u00a1Es hora de reconocer los derechos de las infancias! Estos derechos no son menos importantes que los tuyos, son fundamentales para un mundo m\u00e1s justo. \u00danete a nosotros y toma acci\u00f3n para reconocer sus derechos. <\/em>#ReconoceSusDerechos #CCYEP<\/li>\n\n\n\n<li><em><\/em><em>\u00a1Las ni\u00f1as, ni\u00f1os y j\u00f3venes merecen respeto y derechos plenos! \u00danete a nuestra campa\u00f1a para reconocer sus derechos. #ReconoceSusDerechos #CCYEP<\/em><\/li>\n\n\n\n<li><em><\/em><em>Sus derechos son tan importantes como los tuyos. \u00a1Reconozc\u00e1moslos juntos! #ReconoceSusDerechos #CCYEP<\/em><\/li>\n\n\n\n<li><em><\/em><em>En un mundo justo, todos los derechos cuentan. Comencemos por reconocer los de la infancia. #ReconoceSusDerechos #CCYEP<\/em><\/li>\n<\/ol>\n\n\n\n<p><strong>Etapa 2: No son derechos chiquitos (27 de noviembre al 3 de diciembre)<\/strong><\/p>\n\n\n\n<p>En el segundo tramo de la campa\u00f1a, desafiaremos la percepci\u00f3n err\u00f3nea de que los derechos de las infancias son menos importantes.<\/p>\n\n\n\n<p><strong>Algunas sugerencias de mensajes<\/strong> (aproximadamente 250 caracteres):<\/p>\n\n\n\n<ol class=\"wp-block-list\">\n<li><em>\u00a1No son derechos chiquitos, son esenciales para un mundo equitativo! \u00a1Ni\u00f1as, ni\u00f1os y j\u00f3venes son personas con derechos propios! <\/em>#NoSonDerechosChiquitos #CCYEP<\/li>\n\n\n\n<li><em>\u00a1No subestimemos los derechos de la ni\u00f1ez! Son esenciales para un mundo m\u00e1s equitativo. #NoSonDerechosChiquitos #CCYEP<\/em><\/li>\n\n\n\n<li><em>Los derechos de ni\u00f1as, ni\u00f1os y j\u00f3venes son fundamentales. No son chiquitos, son poderosos. #NoSonDerechosChiquitos #CCYEP<\/em><\/li>\n\n\n\n<li><em>Cuestionemos las percepciones err\u00f3neas. Los derechos de la infancia son tan importantes como los de las personas adultas. #NoSonDerechosChiquitos #CCYEP<\/em><\/li>\n<\/ol>\n\n\n\n<p><strong>Etapa 3: En conexi\u00f3n con la ni\u00f1ez (4 al 10 de diciembre)<\/strong><\/p>\n\n\n\n<p>En la \u00faltima parte de nuestra campa\u00f1a, alentaremos el activismo para identificar conexiones entre el mundo adulto y ni\u00f1as, ni\u00f1os y personas j\u00f3venes estimulando el di\u00e1logo intergeneracional.<\/p>\n\n\n\n<p><strong>Algunas sugerencias de mensajes<\/strong> (aproximadamente 250 caracteres):<\/p>\n\n\n\n<ol class=\"wp-block-list\">\n<li><em><\/em><em>&nbsp;\u00a1Escucha la voz de ni\u00f1as, ni\u00f1os y j\u00f3venes, te sorprender\u00e1s! Juntos, construyamos un mundo donde los derechos de todas las personas sean reconocidos sin importar la edad. #EnConexi\u00f3nConLaNi\u00f1ez #CCYEP<\/em><\/li>\n\n\n\n<li><em><\/em><em>Escuchar a las nuevas generaciones es el primer paso para un mundo con equidad. \u00danete a nosotros. #EnConexi\u00f3nConLaNi\u00f1ez #CCYEP<\/em><\/li>\n\n\n\n<li><em><\/em><em>\u00a1La voz de ni\u00f1as, ni\u00f1os y j\u00f3venes importa! Dejemos atr\u00e1s el adultocentrismo. #EnConexi\u00f3nConLaNi\u00f1ez #CCYEP<\/em><\/li>\n\n\n\n<li><em>Un mundo sin adultocentrismo es un mundo m\u00e1s justo para todas las edades. Escuchemos y reconozcamos los derechos de las infancias. #EnConexi\u00f3nConLaNi\u00f1ez #CCYEP<\/em><\/li>\n<\/ol>\n\n\n\n<figure class=\"wp-block-image size-large is-resized\"><img fetchpriority=\"high\" decoding=\"async\" width=\"1024\" height=\"655\" src=\"https:\/\/tejiendoredesinfancia.org\/wp-content\/uploads\/2023\/11\/Captura-de-Pantalla-2023-11-16-a-las-13.27.34-1024x655.png\" alt=\"\" class=\"wp-image-2085\" style=\"width:823px;height:auto\" srcset=\"https:\/\/tejiendoredesinfancia.org\/wp-content\/uploads\/2023\/11\/Captura-de-Pantalla-2023-11-16-a-las-13.27.34-1024x655.png 1024w, https:\/\/tejiendoredesinfancia.org\/wp-content\/uploads\/2023\/11\/Captura-de-Pantalla-2023-11-16-a-las-13.27.34-300x192.png 300w, https:\/\/tejiendoredesinfancia.org\/wp-content\/uploads\/2023\/11\/Captura-de-Pantalla-2023-11-16-a-las-13.27.34-768x491.png 768w, https:\/\/tejiendoredesinfancia.org\/wp-content\/uploads\/2023\/11\/Captura-de-Pantalla-2023-11-16-a-las-13.27.34-1536x982.png 1536w, https:\/\/tejiendoredesinfancia.org\/wp-content\/uploads\/2023\/11\/Captura-de-Pantalla-2023-11-16-a-las-13.27.34-18x12.png 18w, https:\/\/tejiendoredesinfancia.org\/wp-content\/uploads\/2023\/11\/Captura-de-Pantalla-2023-11-16-a-las-13.27.34-1080x691.png 1080w, https:\/\/tejiendoredesinfancia.org\/wp-content\/uploads\/2023\/11\/Captura-de-Pantalla-2023-11-16-a-las-13.27.34-1280x819.png 1280w, https:\/\/tejiendoredesinfancia.org\/wp-content\/uploads\/2023\/11\/Captura-de-Pantalla-2023-11-16-a-las-13.27.34-980x627.png 980w, https:\/\/tejiendoredesinfancia.org\/wp-content\/uploads\/2023\/11\/Captura-de-Pantalla-2023-11-16-a-las-13.27.34-480x307.png 480w, https:\/\/tejiendoredesinfancia.org\/wp-content\/uploads\/2023\/11\/Captura-de-Pantalla-2023-11-16-a-las-13.27.34.png 1848w\" sizes=\"(max-width:767px) 480px, (max-width:1024px) 100vw, 1024px\" \/><\/figure>\n\n\n\n<p><\/p>\n\n\n\n<p><strong>Eje tem\u00e1tico: violencia armada<\/strong><\/p>\n\n\n\n<p>(Etapa 1. Intereses compartidos)<\/p>\n\n\n\n<p>\u00bfCada d\u00eda es m\u00e1s peligroso salir de casa? La seguridad en las calles es un derecho para todas y todos; incluida la ni\u00f1ez. #ReconoceSusDerechos #CCYEP<\/p>\n\n\n\n<p>(Etapa 2. Problemas compartidos)<\/p>\n\n\n\n<p>\u00bfTe amenazan con un arma? T\u00fa tienes derecho a una vida libre de violencia, igual que la ni\u00f1ez. #NoSonDerechosChiquitos #CCYEP<\/p>\n\n\n\n<p>(Etapa 3. Acciones compartidas a trav\u00e9s del di\u00e1logo intergeneracional)<\/p>\n\n\n\n<p>Dialoga con ni\u00f1as y ni\u00f1os sobre el derecho a la seguridad y c\u00f3mo nos cuidamos. El mejor consejo es la confianza. #EnConexi\u00f3nConLaNi\u00f1ez&nbsp;<\/p>\n\n\n\n<p><strong>Eje tem\u00e1tico: violencia digital<\/strong><\/p>\n\n\n\n<p>(Etapa 1. Intereses compartidos)<\/p>\n\n\n\n<p>\u00bfTe hackearon tu cuenta? La seguridad digital en las redes sociales es un derecho para todas y todos; incluida la ni\u00f1ez. #ReconoceSusDerechos #CCYEP<\/p>\n\n\n\n<p>(Etapa 2. Problemas compartidos)<\/p>\n\n\n\n<p>\u00bfTe amenazan con una de tus im\u00e1genes privadas? Se llama Sextorsi\u00f3n. T\u00fa tienes derecho a la privacidad, incluida la ni\u00f1ez. #NoSonDerechosChiquitos #CCYEP<\/p>\n\n\n\n<p>(Etapa 3. Acciones compartidas a trav\u00e9s del di\u00e1logo intergeneracional)<\/p>\n\n\n\n<p>Dialoga sobre el derecho a la seguridad digital con ni\u00f1as y ni\u00f1os. El mejor consejo es la confianza. #EnConexi\u00f3nConLaNi\u00f1ez #CCYEP<\/p>\n\n\n\n<p><strong>Eje tem\u00e1tico: violencia de g\u00e9nero<\/strong><\/p>\n\n\n\n<p>(Etapa1. Intereses compartidos)<\/p>\n\n\n\n<p>\u00bfTe interesa saber m\u00e1s c\u00f3mo protegerte de la violencia machista? La violencia inicia en casa, tambi\u00e9n las ni\u00f1as tienen derecho a la protecci\u00f3n. #ReconoceSusDerechos #NoEsNo #CCYEP<\/p>\n\n\n\n<p>(Etapa 2. Problemas compartidos)<\/p>\n\n\n\n<p>\u00bfTe han acosado en la calle o en una fiesta? Una vida libre de violencia machista es tu derecho; tambi\u00e9n para las ni\u00f1as. #NoSonDerechosChiquitos #NoEsNo #CCYEP<\/p>\n\n\n\n<p>(Etapa 3. Acciones compartidas a trav\u00e9s del di\u00e1logo intergeneracional)<\/p>\n\n\n\n<p>Dialoga con ni\u00f1as y ni\u00f1os sobre el derecho a una vida libre de violencia. El mejor consejo es el consentimiento. #EnConexi\u00f3nConLaNi\u00f1ez #NoEsNo #CCYEP<\/p>\n\n\n\n<p><strong>Eje tem\u00e1tico: Discriminaci\u00f3n rac<\/strong>ial<\/p>\n\n\n\n<p>(Etapa 1. Intereses compartidos)<\/p>\n\n\n\n<p>\u00bfSabes qu\u00e9 es el racismo interiorizado desde la infancia? \u00bfRecuerdas c\u00f3mo que te negaron tu derecho a la identidad afro? #ReconoceSusDerechos #CCYEP<\/p>\n\n\n\n<p>(Etapa 2. Problemas compartidos)<\/p>\n\n\n\n<p>\u00bfTe han rechazado por tu color de piel y cabello rizo? Vivir sin discriminaci\u00f3n es un derecho para todas y todos; incluida la ni\u00f1ez negra. #NoSonDerechosChiquitos #CCYEP<\/p>\n\n\n\n<p>(Etapa 3. Acciones compartidas a trav\u00e9s del di\u00e1logo intergeneracional)<\/p>\n\n\n\n<p>Dialoga con ni\u00f1as y ni\u00f1os sobre el derecho a vivir sin discriminaci\u00f3n y la conciencia negra para resistir ante la supremac\u00eda blanca. #EnConexi\u00f3nConLaNi\u00f1ez #CCYEP<\/p>\n\n\n\n<p><strong>Medici\u00f3n de Resultados:<\/strong><\/p>\n\n\n\n<p>&#8211; N\u00famero de seguidores y participantes en las redes sociales.<\/p>\n\n\n\n<p>&#8211; Interacciones en publicaciones (me gusta, comentarios, compartidos).<\/p>\n\n\n\n<p>&#8211; Alcance de los hashtags y menciones.<\/p>\n\n\n\n<p>&#8211; Retroalimentaci\u00f3n de la audiencia a trav\u00e9s de encuestas y comentarios.<\/p>\n\n\n\n<p>&#8211; Impacto en la movilizaci\u00f3n social, como participaci\u00f3n en eventos o donaciones.<\/p>\n\n\n\n<p>&#8211; An\u00e1lisis de sentimiento (positivo, neutral, negativo) en las respuestas del p\u00fablico.<\/p>","protected":false},"excerpt":{"rendered":"<p>\u201c21 D\u00edas de Activismo Global #EnConexi\u00f3nConLaNi\u00f1ez\u201d Del 20 de Noviembre, Aniversario de la Convenci\u00f3n sobre los Derechos del Ni\u00f1o &#8211; al 10 de diciembre D\u00eda de<span class=\"excerpt-hellip\"> [\u2026]<\/span><\/p>\n","protected":false},"author":1,"featured_media":0,"comment_status":"closed","ping_status":"closed","sticky":false,"template":"","format":"standard","meta":{"_acf_changed":false,"footnotes":""},"categories":[129],"tags":[130,132,86,87],"class_list":["post-2067","post","type-post","status-publish","format-standard","hentry","category-campanas","tag-convencion","tag-derechos-de-la-ninez","tag-derechos-humanos","tag-ninez"],"acf":[],"_links":{"self":[{"href":"https:\/\/tejiendoredesinfancia.org\/en_us\/wp-json\/wp\/v2\/posts\/2067","targetHints":{"allow":["GET"]}}],"collection":[{"href":"https:\/\/tejiendoredesinfancia.org\/en_us\/wp-json\/wp\/v2\/posts"}],"about":[{"href":"https:\/\/tejiendoredesinfancia.org\/en_us\/wp-json\/wp\/v2\/types\/post"}],"author":[{"embeddable":true,"href":"https:\/\/tejiendoredesinfancia.org\/en_us\/wp-json\/wp\/v2\/users\/1"}],"replies":[{"embeddable":true,"href":"https:\/\/tejiendoredesinfancia.org\/en_us\/wp-json\/wp\/v2\/comments?post=2067"}],"version-history":[{"count":0,"href":"https:\/\/tejiendoredesinfancia.org\/en_us\/wp-json\/wp\/v2\/posts\/2067\/revisions"}],"wp:attachment":[{"href":"https:\/\/tejiendoredesinfancia.org\/en_us\/wp-json\/wp\/v2\/media?parent=2067"}],"wp:term":[{"taxonomy":"category","embeddable":true,"href":"https:\/\/tejiendoredesinfancia.org\/en_us\/wp-json\/wp\/v2\/categories?post=2067"},{"taxonomy":"post_tag","embeddable":true,"href":"https:\/\/tejiendoredesinfancia.org\/en_us\/wp-json\/wp\/v2\/tags?post=2067"}],"curies":[{"name":"wp","href":"https:\/\/api.w.org\/{rel}","templated":true}]}}