{"id":2125,"date":"2023-11-17T08:34:19","date_gmt":"2023-11-17T14:34:19","guid":{"rendered":"https:\/\/tejiendoredesinfancia.org\/?p=2125"},"modified":"2023-11-21T11:23:11","modified_gmt":"2023-11-21T17:23:11","slug":"desafio-para-meninas-meninos-e-jovens-21-dias-de-ativismo-global-em-conexao-com-as-criancas-20-de-novembro-a-10-de-dezembro-inconnectionwithchildren","status":"publish","type":"post","link":"https:\/\/tejiendoredesinfancia.org\/en_us\/campanas\/desafio-para-meninas-meninos-e-jovens-21-dias-de-ativismo-global-em-conexao-com-as-criancas-20-de-novembro-a-10-de-dezembro-inconnectionwithchildren\/","title":{"rendered":"DESAFIO para meninas, meninos e jovens."},"content":{"rendered":"\n<p class=\"has-medium-font-size\"><\/p>\n\n\n\n<p>\u201c21 dias de ativismo global em conex\u00e3o com as crian\u00e7as\u201d (20 de novembro a 10 de dezembro) #InConnectionWithChildren<\/p>\n\n\n\n<p>Ol\u00e1 a todas as meninas, meninos e jovens incr\u00edveis!<\/p>\n\n\n\n<p>Esperamos que esta carta o encontre cheio de energia e entusiasmo. Dirigimo-nos a voc\u00eas com a certeza de que a participa\u00e7\u00e3o digital e a cidadania aumentam o seu destaque e o poder de cada um de voc\u00eas.<\/p>\n\n\n\n<p>Este ano, estamos embarcando em uma aventura emocionante e queremos convidar todos a se juntarem a n\u00f3s nos \u201c21 Dias de Ativismo Global Conectando \u00e0s Crian\u00e7as\u201d, que acontecer\u00e1 de 20 de novembro a 10 de dezembro. Ser\u00e1 um momento cheio de divers\u00e3o, aprendizado e, o mais importante, ser\u00e1 a sua hora de fazer sua voz ser ouvida!<\/p>\n\n\n\n<p>Metodologia:<\/p>\n\n\n\n<p>1. Desafios di\u00e1rios: Todos os dias apresentaremos um pequeno desafio relacionado aos direitos das crian\u00e7as. Pode ser qualquer coisa, desde contar a seus amigos sobre esses direitos at\u00e9 tomar uma atitude gentil em sua comunidade.<\/p>\n\n\n\n<p>2. Arte e criatividade: vamos explorar o seu lado criativo! Proporemos atividades art\u00edsticas para expressar o que pensam sobre os seus direitos e como podemos tornar o mundo um lugar melhor.<\/p>\n\n\n\n<p>3. Compartilhe sua perspectiva: Queremos ouvir suas hist\u00f3rias. Todos os dias compartilharemos algumas de suas hist\u00f3rias e experi\u00eancias em nossas redes sociais para que o mundo veja o qu\u00e3o incr\u00edveis eles s\u00e3o.<\/p>\n\n\n\n<p>Vantagens de participar:<\/p>\n\n\n\n<p>1. Aprendizagem divertida: Participar nestes desafios ir\u00e1 ajud\u00e1-los a aprender mais sobre os seus direitos de uma forma divertida e emocionante.<\/p>\n\n\n\n<p>2. Conex\u00e3o global: Ao aderir a esta iniciativa, voc\u00ea estar\u00e1 se conectando com meninas, meninos e jovens de todo o mundo que tamb\u00e9m est\u00e3o comprometidos em tornar o nosso planeta um lugar melhor.<\/p>\n\n\n\n<p>3. Seja ouvido! Partilharemos as suas mensagens e express\u00f5es criativas com os meios de comunica\u00e7\u00e3o social, institui\u00e7\u00f5es p\u00fablicas, organiza\u00e7\u00f5es participantes e fam\u00edlias para mostrar a for\u00e7a da sua voz e do seu ativismo por um mundo mais justo.<\/p>\n\n\n\n<p>Como participar?<\/p>\n\n\n\n<p>1. Confirme a sua participa\u00e7\u00e3o: Voc\u00ea pode enviar mensagens para a organiza\u00e7\u00e3o ou pessoas que o convidaram para participar deste desafio, visitar o site da nossa campanha para acompanhar as atividades di\u00e1rias durante os 21 dias de ativismo e encontrar outros recursos \u00fateis.<\/p>\n\n\n\n<p>2. Compartilhe e conecte: Suas cria\u00e7\u00f5es e experi\u00eancias em suas redes sociais com a hashtag #EmConex\u00e3oComAsCrian\u00e7as , !Elas poder\u00e3o fazer parte das hist\u00f3rias em destaque em todo o mundo!<\/p>\n\n\n\n<p>3. Aproveite muito: Acima de tudo, aproveite cada dia, divirta-se e lembre-se que cada pequena a\u00e7\u00e3o conta.<\/p>\n\n\n\n<p>Estamos muito entusiasmados por ter voc\u00ea a bordo. Esta \u00e9 a sua hora de fazer suas vozes serem ouvidas. Estamos ansiosos para ver todas as suas incr\u00edveis cria\u00e7\u00f5es e a\u00e7\u00f5es!<\/p>\n\n\n\n<p>Com muito entusiasmo!<\/p>\n\n\n\n<p>[sua organiza\u00e7\u00e3o] e<\/p>\n\n\n\n<p>Consortium for children and youth empowerment and participation #CCYPE<\/p>\n\n\n\n<p><strong>Voc\u00ea encontra as atividades sugeridas na web<\/strong><\/p>\n\n\n\n<p>Dia 1 (20 de novembro): Inicie a Conex\u00e3o! Compartilhe por que voc\u00ea aderiu ao desafio de 21 dias de ativismo digital nas redes sociais #EmConex\u00e3oComAsCrian\u00e7as<\/p>\n\n\n\n<p>Dia 2 (21 de novembro): Explorando meus direitos: Compartilhe um desenho digital, fotografia ou mensagem sobre seus direitos como crian\u00e7a ou jovem. #EmConex\u00e3oComAsCrian\u00e7as<\/p>\n\n\n\n<p>Dia 3 (22 de novembro): Desenhe suas Ideias: como voc\u00ea imagina um mundo onde todos respeitem seus direitos? Compartilhe seu desenho nas redes sociais. #EmConex\u00e3oComAsCrian\u00e7as<\/p>\n\n\n\n<p>Dia 4 (23 de novembro): Habilidades de solidariedade: diga quais habilidades voc\u00ea possui para proteger seus direitos e os de seus amigos. #EmConex\u00e3oComAsCrian\u00e7as<\/p>\n\n\n\n<p>Dia 5 (24 de novembro): Desafio criativo: Criar um conto ou poema sobre ser menino ou menina com direitos. Compartilhe sua criatividade. #EmConex\u00e3oComAsCrian\u00e7as<\/p>\n\n\n\n<p>Dia 6 (25 de novembro): Incentive seus amigos e familiares a participarem dos eventos do \u201cDia Laranja para prevenir a viol\u00eancia contra meninas e mulheres\u201d. #NoExcuse&nbsp; #EmConex\u00e3oComAsCrian\u00e7as<\/p>\n\n\n\n<p>Dia 7 (26 de novembro): Hist\u00f3rias de Amizade: Compartilhe uma hist\u00f3ria sobre como voc\u00ea e seus amigos apoiam uns aos outros. #EmConex\u00e3oComAsCrian\u00e7as<\/p>\n\n\n\n<p>Dia 8 (27 de novembro): Jogos por direitos: Compartilhe seus jogos favoritos que ensinam sobre direitos. Convide outros meninos e meninas para brincar. #EmConex\u00e3oComAsCrian\u00e7as<\/p>\n\n\n\n<p>Dia 9 (28 de novembro): Desafio \u201cMeus Direitos\u201d: Fa\u00e7a um pequeno v\u00eddeo explicando seus direitos como menino ou menina. #EmConex\u00e3oComAsCrian\u00e7as<\/p>\n\n\n\n<p>Dia 10 (29 de novembro): Seja um defensor: Compartilhe como voc\u00ea pode defender os seus direitos e os de outras crian\u00e7as e jovens negras. #EmConex\u00e3oComAsCrian\u00e7as<\/p>\n\n\n\n<p>Dia 11 (30 de novembro): Desafio solid\u00e1rio: convide seus amigos a doarem brinquedos ou videogames para outras inf\u00e2ncias, para que possam aproveit\u00e1-los como voc\u00ea. #EmConex\u00e3oComAsCrian\u00e7as<\/p>\n\n\n\n<p>Dia 12 (1\u00ba de dezembro): Perguntas e respostas: Participe de uma sess\u00e3o em suas redes sociais onde voc\u00ea responde perguntas sobre ser menino ou menina com direitos. #EmConex\u00e3oComAsCrian\u00e7as<\/p>\n\n\n\n<p>Dia 13 (2 de dezembro): Arte pelos Direitos: Fa\u00e7a um desenho, pintura ou s\u00edmbolo que expresse o que significa ter direitos. #EmConex\u00e3oComAsCrian\u00e7as<\/p>\n\n\n\n<p>Dia 14 (3 de dezembro): Nossa voz conta: Compartilhe como voc\u00ea se sente fortalecido quando menino ou menina. #EmConex\u00e3oComAsCrian\u00e7as<\/p>\n\n\n\n<p>Dia 15 (4 de dezembro): Seguran\u00e7a digital: aprenda e compartilhe dicas de seguran\u00e7a digital para meninas, meninos e jovens. #EmConex\u00e3oComAsCrian\u00e7as<\/p>\n\n\n\n<p>Dia 16 (5 de dezembro): Hero\u00ednas n\u00e3o celebradas: compartilhe hist\u00f3rias de meninas e mulheres que fizeram coisas incr\u00edveis. #MeninasPoderosas&nbsp; #EmConex\u00e3oComAsCrian\u00e7as<\/p>\n\n\n\n<p>Dia 17 (6 de dezembro): Gratid\u00e3o solid\u00e1ria: Fa\u00e7a mensagens de gratid\u00e3o para os adultos que te apoiam. #EmConex\u00e3oComAsCrian\u00e7as<\/p>\n\n\n\n<p>Dia 18 (7 de dezembro): Desafio \u201cMeu mundo justo\u201d: Desenhe ou descreva como seria o seu mundo justo e compartilhe nas redes. #EmConex\u00e3oComAsCrian\u00e7as<\/p>\n\n\n\n<p>Dia 19 (8 de dezembro): Discuss\u00f5es sobre crian\u00e7as: Compartilhe suas opini\u00f5es sobre os direitos das crian\u00e7as em um pequeno v\u00eddeo. #EmConex\u00e3oComAsCrian\u00e7as<\/p>\n\n\n\n<p>Dia 20 (9 de dezembro): Mudan\u00e7a de perspectiva: Reflita sobre como a sua perspectiva sobre os seus direitos mudou durante os 21 dias de ativismo digital. #EmConex\u00e3oComAsCrian\u00e7as<\/p>\n\n\n\n<p>Dia 21 (10 de dezembro): Celebra\u00e7\u00e3o final! Compartilhe como voc\u00ea comemora o Dia Mundial dos Direitos Humanos quando crian\u00e7a ou jovem. #EmConex\u00e3oComAsCrian\u00e7as<\/p>\n","protected":false},"excerpt":{"rendered":"<p>\u201c21 dias de ativismo global em conex\u00e3o com as crian\u00e7as\u201d (20 de novembro a 10 de dezembro) #InConnectionWithChildren Ol\u00e1 a todas as meninas, meninos e jovens<span class=\"excerpt-hellip\"> [\u2026]<\/span><\/p>\n","protected":false},"author":1,"featured_media":0,"comment_status":"open","ping_status":"closed","sticky":false,"template":"","format":"standard","meta":{"_acf_changed":false,"footnotes":""},"categories":[129],"tags":[],"class_list":["post-2125","post","type-post","status-publish","format-standard","hentry","category-campanas"],"acf":[],"_links":{"self":[{"href":"https:\/\/tejiendoredesinfancia.org\/en_us\/wp-json\/wp\/v2\/posts\/2125","targetHints":{"allow":["GET"]}}],"collection":[{"href":"https:\/\/tejiendoredesinfancia.org\/en_us\/wp-json\/wp\/v2\/posts"}],"about":[{"href":"https:\/\/tejiendoredesinfancia.org\/en_us\/wp-json\/wp\/v2\/types\/post"}],"author":[{"embeddable":true,"href":"https:\/\/tejiendoredesinfancia.org\/en_us\/wp-json\/wp\/v2\/users\/1"}],"replies":[{"embeddable":true,"href":"https:\/\/tejiendoredesinfancia.org\/en_us\/wp-json\/wp\/v2\/comments?post=2125"}],"version-history":[{"count":0,"href":"https:\/\/tejiendoredesinfancia.org\/en_us\/wp-json\/wp\/v2\/posts\/2125\/revisions"}],"wp:attachment":[{"href":"https:\/\/tejiendoredesinfancia.org\/en_us\/wp-json\/wp\/v2\/media?parent=2125"}],"wp:term":[{"taxonomy":"category","embeddable":true,"href":"https:\/\/tejiendoredesinfancia.org\/en_us\/wp-json\/wp\/v2\/categories?post=2125"},{"taxonomy":"post_tag","embeddable":true,"href":"https:\/\/tejiendoredesinfancia.org\/en_us\/wp-json\/wp\/v2\/tags?post=2125"}],"curies":[{"name":"wp","href":"https:\/\/api.w.org\/{rel}","templated":true}]}}