{"id":2360,"date":"2024-08-14T20:44:46","date_gmt":"2024-08-15T02:44:46","guid":{"rendered":"https:\/\/tejiendoredesinfancia.org\/?p=2360"},"modified":"2024-09-27T22:52:37","modified_gmt":"2024-09-28T04:52:37","slug":"riesgo-de-complicidad-institucional","status":"publish","type":"post","link":"https:\/\/tejiendoredesinfancia.org\/en_us\/sala-de-prensa\/riesgo-de-complicidad-institucional\/","title":{"rendered":"Riesgo inminente de complicidad institucional en la Impunidad otorgada a casos paradigm\u00e1ticos de macro criminalidad como el que representan Mario Marin, Adolfo Karam y Kamel Nacif"},"content":{"rendered":"<p>Ciudad de M\u00e9xico, 13 de agosto 2024 &#8211; &nbsp;Las organizaciones defensoras de periodistas, de derechos humanos, junto con las que luchan por la protecci\u00f3n de las v\u00edctimas infantiles de violencia sexual y trata, expresan su m\u00e1s en\u00e9rgico rechazo ante las recientes decisiones judiciales que favorecen a los responsables de delitos graves, como la explotaci\u00f3n sexual infantil y la tortura. Casos emblem\u00e1ticos, como los de Mario Mar\u00edn, Kamel Nacif y Adolfo Karam, evidencian un preocupante patr\u00f3n de complicidad que revictimiza a las v\u00edctimas y perpet\u00faa la impunidad.<\/p>\n\n\n\n<p>La reciente liberaci\u00f3n de estos individuos, involucrados en redes de macro criminalidad, no solo contraviene el inter\u00e9s superior de la ni\u00f1ez, sino que tambi\u00e9n socava la confianza en el sistema judicial que es complaciente con las argucias jur\u00eddicas. La violencia sexual infantil es una de las formas m\u00e1s severas de violencia, con consecuencias devastadoras para las v\u00edctimas y sus comunidades. Sin embargo, la falta de acci\u00f3n efectiva y la tendencia de las autoridades a individualizar las acciones delictivas han llevado a sentencias que favorecen a los perpetradores, ignorando el contexto m\u00e1s amplio como redes de macro criminalidad con poder pol\u00edtico y econ\u00f3mico.<\/p>\n\n\n\n<p>Los derechos de las v\u00edctimas infantiles est\u00e1n siendo sistem\u00e1ticamente violados, adem\u00e1s que la impunidad desalienta la denuncia. Las decisiones judiciales que minimizan la gravedad de estos delitos y que no consideran el poder real de la red de complicidad entre los acusados env\u00edan un mensaje alarmante: que los poderosos pueden evadir la justicia.<\/p>\n\n\n\n<p>Exigimos al poder judicial que act\u00fae con responsabilidad y compromiso para garantizar la protecci\u00f3n de los derechos de las v\u00edctimas. Es imperativo que el Consejo de la Judicatura revise inmediatamente este sospechoso patr\u00f3n de liberaciones asegur\u00e1ndose que las y los jueces implicados no sean objetos de presiones o respondan a intereses contrarios al inter\u00e9s superior de la ni\u00f1ez. La justicia debe ser efectiva, y las denuncias de las v\u00edctimas deben ser escuchadas y respetadas.<\/p>\n\n\n\n<p>Instamos a la sociedad civil, medios de comunicaci\u00f3n y organismos internacionales a unirse en la defensa de los derechos de las v\u00edctimas y a exigir un mejor trabajo de las fiscal\u00edas y vigilancia judicial para evitar que sean c\u00f3mplices de la impunidad. La lucha contra la explotaci\u00f3n sexual infantil y la protecci\u00f3n de los derechos humanos de la periodista Lydia Cacho son responsabilidades compartidas de todas las autoridades del Estado mexicano.<\/p>\n\n\n\n<p><strong>Organizaciones y personas defensoras<\/strong>:<\/p>\n\n\n\n<p>Article 19 MX<br>Tejiendo Redes Infancia en Am\u00e9rica Latina y el Caribe<br>Red por los derechos de la infancia en M\u00e9xico REDIM<br>Fundaci\u00f3n para la Justicia<br>Red Nacional de Periodistas<br>Red Puebla de Periodistas<br>Fundaci\u00f3n Femmex<br>Comunicaci\u00f3n e Informaci\u00f3n de la Mujer (CIMAC)<br>Ojos de Perro vs la Impunidad, A.C.<br>Centro de Derechos Humanos Miguel Agust\u00edn Pro Ju\u00e1rez<br>Observatorio de Designaciones P\u00fablicas<br>Centro Mexicano para la Filantropia &#8211; Cemefi<br>Melel Xojobal AC<br>Fundar, Centro de An\u00e1lisis e Investigaci\u00f3n<br>Paso de Esperanza, A. C<br>Impunidad Cero<br>Casa del migrante de Saltillo &#8211; Frontera con Justicia AC<br>Denise Dresser<br>Diego de la Mora Maurer<br>Juan Mart\u00edn P\u00e9rez Garc\u00eda<\/p>\n\n\n\n<p><\/p>\n\n\n\n<p>Imagen de portada: Gatopardo<\/p>","protected":false},"excerpt":{"rendered":"<p>Ciudad de M\u00e9xico, 13 de agosto 2024 &#8211; &nbsp;Las organizaciones defensoras de periodistas, de derechos humanos, junto con las que luchan por la protecci\u00f3n de las<span class=\"excerpt-hellip\"> [\u2026]<\/span><\/p>\n","protected":false},"author":1,"featured_media":2362,"comment_status":"open","ping_status":"closed","sticky":false,"template":"","format":"standard","meta":{"_acf_changed":false,"footnotes":""},"categories":[18],"tags":[],"class_list":["post-2360","post","type-post","status-publish","format-standard","has-post-thumbnail","hentry","category-sala-de-prensa"],"acf":[],"_links":{"self":[{"href":"https:\/\/tejiendoredesinfancia.org\/en_us\/wp-json\/wp\/v2\/posts\/2360","targetHints":{"allow":["GET"]}}],"collection":[{"href":"https:\/\/tejiendoredesinfancia.org\/en_us\/wp-json\/wp\/v2\/posts"}],"about":[{"href":"https:\/\/tejiendoredesinfancia.org\/en_us\/wp-json\/wp\/v2\/types\/post"}],"author":[{"embeddable":true,"href":"https:\/\/tejiendoredesinfancia.org\/en_us\/wp-json\/wp\/v2\/users\/1"}],"replies":[{"embeddable":true,"href":"https:\/\/tejiendoredesinfancia.org\/en_us\/wp-json\/wp\/v2\/comments?post=2360"}],"version-history":[{"count":1,"href":"https:\/\/tejiendoredesinfancia.org\/en_us\/wp-json\/wp\/v2\/posts\/2360\/revisions"}],"predecessor-version":[{"id":2363,"href":"https:\/\/tejiendoredesinfancia.org\/en_us\/wp-json\/wp\/v2\/posts\/2360\/revisions\/2363"}],"wp:featuredmedia":[{"embeddable":true,"href":"https:\/\/tejiendoredesinfancia.org\/en_us\/wp-json\/wp\/v2\/media\/2362"}],"wp:attachment":[{"href":"https:\/\/tejiendoredesinfancia.org\/en_us\/wp-json\/wp\/v2\/media?parent=2360"}],"wp:term":[{"taxonomy":"category","embeddable":true,"href":"https:\/\/tejiendoredesinfancia.org\/en_us\/wp-json\/wp\/v2\/categories?post=2360"},{"taxonomy":"post_tag","embeddable":true,"href":"https:\/\/tejiendoredesinfancia.org\/en_us\/wp-json\/wp\/v2\/tags?post=2360"}],"curies":[{"name":"wp","href":"https:\/\/api.w.org\/{rel}","templated":true}]}}