{"id":3753,"date":"2025-05-19T17:23:28","date_gmt":"2025-05-19T23:23:28","guid":{"rendered":"https:\/\/tejiendoredesinfancia.org\/?p=3753"},"modified":"2025-07-07T20:22:04","modified_gmt":"2025-07-08T02:22:04","slug":"asamblea-en-el-tiempo","status":"publish","type":"post","link":"https:\/\/tejiendoredesinfancia.org\/en_us\/documentos-institucionales\/asamblea-en-el-tiempo\/","title":{"rendered":"Asamblea en el Tiempo &#8211; Tejiendo Redes Infancia en Am\u00e9rica Latina y el Caribe"},"content":{"rendered":"<p><strong>Un espacio abierto, intergeneracional y transformador para construir Esperanza Participativa, Resistencia Digna y Futuros Posibles<\/strong><\/p>\n\n\n\n<p>.<\/p>\n\n\n\n<p class=\"has-text-align-center\"><strong>\u00bfQu\u00e9 es la Asamblea en el Tiempo?<\/strong><\/p>\n\n\n\n<p>Es una iniciativa colectiva para repensar, fortalecer y proyectar el trabajo de las coaliciones, redes y organizaciones que integran Tejiendo Redes Infancia en Am\u00e9rica Latina y el Caribe.<\/p>\n\n\n\n<p>En cinco fases de di\u00e1logo, diagn\u00f3stico y acci\u00f3n, convocamos a una conversaci\u00f3n profunda sobre los desaf\u00edos actuales, nuestra realidad asociativa y la urgencia de imaginar futuros posibles para garantizar los derechos de la ni\u00f1ez y las juventudes.<\/p>\n\n\n\n<hr class=\"wp-block-separator has-alpha-channel-opacity\"\/>\n\n\n\n<p>.<\/p>\n\n\n\n<p class=\"has-text-align-center\"><strong>Cinco fases para repensar el presente y transformar los futuros<\/strong><\/p>\n\n\n\n<p class=\"has-text-align-center\"><strong>Fase 1: Convocatoria<\/strong><br>Conectamos con cada integrante, red y organizaci\u00f3n para abrir el espacio colectivo.<\/p>\n\n\n\n<p class=\"has-text-align-center\"><strong>Fase 2: Diagn\u00f3stico participativo<\/strong><br>Identificamos riesgos y amenazas: regresiones en derechos humanos, violencia, populismos autocr\u00e1ticos y crisis de financiamiento.<\/p>\n\n\n\n<p class=\"has-text-align-center\"><strong>Fase 3: Escenarios futuros<\/strong><br>Imaginamos caminos posibles al 2035: \u00bfc\u00f3mo sostener nuestras luchas por la ni\u00f1ez ante escenarios adversos y encontrar acciones concretas que nos lleven a otros futuros posibles?<\/p>\n\n\n\n<p class=\"has-text-align-center\"><strong>Fase 4: Voces aliadas<\/strong><br>Escuchamos a nuestras aliadas estrat\u00e9gicas para incorporar aprendizajes y esperanzas comunes.<\/p>\n\n\n\n<p class=\"has-text-align-center\"><strong>Fase 5: Decidiendo la ruta<\/strong><br>De forma colectiva, en espacio abierto y di\u00e1logo intergeneracional, definiremos las estrategias clave para el futuro.<\/p>\n\n\n\n<hr class=\"wp-block-separator has-alpha-channel-opacity\"\/>\n\n\n\n<p>.<\/p>\n\n\n\n<p class=\"has-text-align-center\"><strong>Escenarios de futuro: \u00a1Imagina y participa!<\/strong><\/p>\n\n\n\n<p class=\"has-text-align-center\">Responde nuestro formulario para imaginar <strong>otros futuros<\/strong> <strong>posibles al 2035<\/strong>.<br>Queremos conocer tu visi\u00f3n sobre el trabajo por los derechos de la infancia ante los cambios globales, c\u00f3mo podemos alimentar colectivamente la Esperanza participativa, la Resistencia digna y otros Futuros posibles.<\/p>\n\n\n\n<div class=\"wp-block-buttons is-content-justification-center is-layout-flex wp-container-core-buttons-is-layout-16018d1d wp-block-buttons-is-layout-flex\">\n<div class=\"wp-block-button\"><a class=\"wp-block-button__link wp-element-button\" href=\"https:\/\/forms.gle\/txVLgCr5UHi5b7GfA\">Acceder al formulario en l\u00ednea<\/a><\/div>\n<\/div>\n\n\n\n<p>.<\/p>\n\n\n\n<hr class=\"wp-block-separator has-alpha-channel-opacity\"\/>\n\n\n\n<p>.<\/p>\n\n\n\n<p class=\"has-text-align-center\">#<strong>PodcastAI OllinTV: Escucha, reflexiona, act\u00faa<\/strong><\/p>\n\n\n\n<p><strong>1. Escenarios adversos para la cooperaci\u00f3n internacional<\/strong><br>\u00bfC\u00f3mo afecta el cierre de espacios c\u00edvicos y la reducci\u00f3n del financiamiento? Reflexiones desde las voces de quienes resisten.<\/p>\n\n\n\n<figure class=\"wp-block-audio\"><audio controls src=\"https:\/\/tejiendoredesinfancia.org\/wp-content\/uploads\/2025\/05\/Podcast-sobre-Impacto-en-Sociedad-Civil-de-regresio\u0301n-de-derechos-y-cierre-de-la-cooperacio\u0301n-intern.mp3\"><\/audio><\/figure>\n\n\n\n<p><strong>2. Plan estrat\u00e9gico Tejiendo Redes Infancia 2024-2027<\/strong><br>Visi\u00f3n, prioridades y horizontes construidos colectivamente para la regi\u00f3n.<\/p>\n\n\n\n<figure class=\"wp-block-audio\"><audio controls src=\"https:\/\/tejiendoredesinfancia.org\/wp-content\/uploads\/2025\/05\/Podcasts-Sobre-Plan-estrategico-de-Tejiendo-Redes-Infancia-Esperanza-y-resistenciab.mp3\"><\/audio><\/figure>\n\n\n\n<p><strong>3. Metodolog\u00eda de la Asamblea en el Tiempo<\/strong><br>C\u00f3mo es este proceso participativo con enfoque intergeneracional y regional.<\/p>\n\n\n\n<figure class=\"wp-block-audio\"><audio controls src=\"https:\/\/tejiendoredesinfancia.org\/wp-content\/uploads\/2025\/05\/Podcasts-Sobre-Asamblea-en-el-Tiempo-de-Tejiendo-Redes-Infancia_mayo25-_1_.mp3\"><\/audio><\/figure>\n\n\n\n<hr class=\"wp-block-separator has-alpha-channel-opacity\"\/>\n\n\n\n<p>.<\/p>\n\n\n\n<p class=\"has-text-align-center\"><strong>Ciclo de Webinarios Tem\u00e1ticos <\/strong><br><strong> &#8220;Construyendo futuros posibles para la infancia y la adolescencia en Am\u00e9rica Latina y el Caribe&#8221;<\/strong><\/p>\n\n\n\n<p>Registro Zoom: <a href=\"https:\/\/zoom.us\/meeting\/register\/Bb7C0LIWT_2CKcg-ird6dg\">https:\/\/zoom.us\/meeting\/register\/Bb7C0LIWT_2CKcg-ird6dg<\/a><\/p>\n\n\n\n<p><strong>Objetivo General:<\/strong> Generar di\u00e1logos intergeneracionales e intersectoriales sobre posibles escenarios futuros relacionados con los siete ejes estrat\u00e9gicos de Tejiendo Redes Infancia, profundizando el diagn\u00f3stico colectivo para la definici\u00f3n de estrategias efectivas de incidencia pol\u00edtica y sostenibilidad organizacional desde la perspectiva de escenarios de futuro participativos.<\/p>\n\n\n\n<p><strong>Tem\u00e1ticas:<\/strong><\/p>\n\n\n\n<p>Mi\u00e9rcoles 28 de mayo 2025<br>1.- <strong>Futuros posibles del acceso a la justicia para la ni\u00f1ez en Am\u00e9rica Latina<\/strong><br>Aportar contribuciones a la la Observaci\u00f3n General 27 sobre el derecho del ni\u00f1o al acceso a la justicia y a un recurso efectivo<strong> <\/strong>desde la experiencia latinoamericana.<\/p>\n\n\n\n<p>Mi\u00e9rcoles 04 de junio 2025<br>2.- <strong>Futuros posibles para la ciudadan\u00eda digital de las infancias y juventudes<\/strong><br>Analizar las transformaciones digitales aceleradas con la inteligencia artificial, plataformas digitales y brechas de acceso, e identificar oportunidades emergentes para la participaci\u00f3n infantil y juvenil.<\/p>\n\n\n\n<p>Mi\u00e9rcoles 11 de junio 2025<br>3.- <strong>Futuros posibles para la ni\u00f1ez migrante, refugiada y sus familias<\/strong><br>Analizar los contextos migratorios debido a la crisis econ\u00f3mica, violencia criminal y cambio clim\u00e1tico, e identificar acciones trasnacionales para su protecci\u00f3n internacional.<\/p>\n\n\n\n<p>Mi\u00e9rcoles 18 de junio 2025<br>4.- <strong>Futuros posibles para el empoderamiento de las ni\u00f1as y mujeres j\u00f3venes<\/strong><br>Analizar<strong> <\/strong>los impacto de las brechas de g\u00e9nero y violencias machistas contra las ni\u00f1as en Am\u00e9rica Latina y el Caribe, e identificar estrategias para su empoderamiento econ\u00f3mico, social y pol\u00edtico.<\/p>\n\n\n\n<p>Mi\u00e9rcoles 25 de junio 2025<br>5.- <strong>Futuros posibles para las infancias y juventudes frente a los ODS<\/strong><br>Analizar<strong> <\/strong>las capacidades estatales y desaf\u00edos regionales para cumplir lo m\u00e1s posible los ODS en clave de infancia, especialmente tras el impacto desigual de la pandemia, las guerras y el cierre de la cooperaci\u00f3n internacional.<\/p>\n\n\n\n<p>Mi\u00e9rcoles 02 de julio 2025<br>6.- <strong>Futuros posibles para ni\u00f1as y ni\u00f1os frente al calentamiento global<\/strong>.<br>Analizar<strong> <\/strong>las tendencias frente al calentamiento global y su impacto diferencial sobre ni\u00f1os, ni\u00f1as y adolescentes en la regi\u00f3n, e identificar acciones para reducir los da\u00f1os.<\/p>\n\n\n\n<p>Mi\u00e9rcoles 09 de julio 2025<br>7.- <strong>Futuros posibles para el fortalecimiento de los SIPINNA<\/strong><br>Analiza<strong>r <\/strong>la crisis del paradigma democr\u00e1tico, retroceso en derechos humanos y reducci\u00f3n del espacios c\u00edvicos en la regi\u00f3n, como riesgos de alto impacto en el proceso de fortalecimiento de los SIPINNA. Identificar las rutas regionales y territoriales para sostener la articulaci\u00f3n de pol\u00edticas p\u00fablicas.<\/p>\n\n\n\n<p>Mi\u00e9rcoles 16 de julio 2025<br>8.- <strong>Futuros posibles para las infancias y juventudes en escenarios militarizaci\u00f3n y la violencia armada<\/strong><br>Analizar<strong> <\/strong>los impactos del aumento de la militarizaci\u00f3n y violencia armada en las vidas de ni\u00f1as, ni\u00f1os y adolescentes, como desaparici\u00f3n, reclutamiento, homicidio, entre otros impactos. Identificar elementos clave para la construcci\u00f3n de la cultura de paz y desmantelamiento de redes criminales.<\/p>\n\n\n\n<hr class=\"wp-block-separator has-alpha-channel-opacity\"\/>\n\n\n\n<p>.<\/p>\n\n\n\n<p class=\"has-text-align-center\"><strong>Participa, comparte, construye<\/strong><\/p>\n\n\n\n<p class=\"has-text-align-center\">Este espacio es para ti. Queremos una comunidad cr\u00edtica, creativa y comprometida.<br>Juntas y juntos, podemos reconfigurar nuestras redes para que sigan siendo territorio de esperanza.<\/p>\n\n\n\n<p><\/p>","protected":false},"excerpt":{"rendered":"<p>Un espacio abierto, intergeneracional y transformador para construir Esperanza Participativa, Resistencia Digna y Futuros Posibles . \u00bfQu\u00e9 es la Asamblea en el Tiempo? Es una iniciativa<span class=\"excerpt-hellip\"> [\u2026]<\/span><\/p>\n","protected":false},"author":1,"featured_media":3739,"comment_status":"open","ping_status":"closed","sticky":false,"template":"","format":"standard","meta":{"_acf_changed":false,"footnotes":""},"categories":[213],"tags":[20,24],"class_list":["post-3753","post","type-post","status-publish","format-standard","has-post-thumbnail","hentry","category-documentos-institucionales","tag-tejiendoredesinfancia","tag-derechos-por-la-ninez-y-la-infancia"],"acf":[],"_links":{"self":[{"href":"https:\/\/tejiendoredesinfancia.org\/en_us\/wp-json\/wp\/v2\/posts\/3753","targetHints":{"allow":["GET"]}}],"collection":[{"href":"https:\/\/tejiendoredesinfancia.org\/en_us\/wp-json\/wp\/v2\/posts"}],"about":[{"href":"https:\/\/tejiendoredesinfancia.org\/en_us\/wp-json\/wp\/v2\/types\/post"}],"author":[{"embeddable":true,"href":"https:\/\/tejiendoredesinfancia.org\/en_us\/wp-json\/wp\/v2\/users\/1"}],"replies":[{"embeddable":true,"href":"https:\/\/tejiendoredesinfancia.org\/en_us\/wp-json\/wp\/v2\/comments?post=3753"}],"version-history":[{"count":15,"href":"https:\/\/tejiendoredesinfancia.org\/en_us\/wp-json\/wp\/v2\/posts\/3753\/revisions"}],"predecessor-version":[{"id":3783,"href":"https:\/\/tejiendoredesinfancia.org\/en_us\/wp-json\/wp\/v2\/posts\/3753\/revisions\/3783"}],"wp:featuredmedia":[{"embeddable":true,"href":"https:\/\/tejiendoredesinfancia.org\/en_us\/wp-json\/wp\/v2\/media\/3739"}],"wp:attachment":[{"href":"https:\/\/tejiendoredesinfancia.org\/en_us\/wp-json\/wp\/v2\/media?parent=3753"}],"wp:term":[{"taxonomy":"category","embeddable":true,"href":"https:\/\/tejiendoredesinfancia.org\/en_us\/wp-json\/wp\/v2\/categories?post=3753"},{"taxonomy":"post_tag","embeddable":true,"href":"https:\/\/tejiendoredesinfancia.org\/en_us\/wp-json\/wp\/v2\/tags?post=3753"}],"curies":[{"name":"wp","href":"https:\/\/api.w.org\/{rel}","templated":true}]}}