{"id":3988,"date":"2025-08-28T18:19:32","date_gmt":"2025-08-29T00:19:32","guid":{"rendered":"https:\/\/tejiendoredesinfancia.org\/?p=3988"},"modified":"2025-08-28T18:20:36","modified_gmt":"2025-08-29T00:20:36","slug":"seminario-derechos-de-ninas-ninos","status":"publish","type":"post","link":"https:\/\/tejiendoredesinfancia.org\/en_us\/publicaciones\/seminario-derechos-de-ninas-ninos\/","title":{"rendered":"Seminario nacional e Internacional sobre los Derechos Humanos de Ni\u00f1as, Ni\u00f1os y Adolescentes: Miradas Interdisciplinarias"},"content":{"rendered":"<p>Coordinadores:<br>Dr. Pedro Daniel Mart\u00ednez Sierra. Escuela Nacional de Trabajo Social UNAM<br>Lic. Juan Mart\u00edn P\u00e9rez Garc\u00eda. Tejiendo Redes Infancia<\/p>\n\n\n\n<p>Objetivo: Analizar los procesos de transformaci\u00f3n de la incidencia, la interseccionalidad de la agenda, los indicadores, las propuestas sobre los avances y retrocesos en materia derechos humanos de ni\u00f1as, ni\u00f1os y adolescentes.<\/p>\n\n\n\n<p>Los d\u00edas lunes (sesiones quincenales) del 1 septiembre al 24 de noviembre de 2025<br>11:00 a 13:00 hrs. CDMX Modalidad: Virtual v\u00eda Zoom<br>Transmisi\u00f3n por el canal de YouTube de la ENTS: https:\/\/www.youtube.com\/@ENTS-UNAM<\/p>\n\n\n\n<p><a href=\"https:\/\/docs.google.com\/ forms\/d\/e\/1FAIpQLSfZnC8yGIKdv-e6DNgQTDShysyNhcrwvHz9Kx2zKQbDWcj5BA\/viewform\">Link de registro<\/a> hasta el 29 de agosto de 2025:<\/p>\n\n\n\n<p>*Se otorgar\u00e1 constancia de valor curricular de 20 horas con el 80% de la asistencia al Seminario.<br>Informes: Dr. Pedro Daniel Mart\u00ednez Sierra, ms.pedrodaniel@comunidad.unam.mx<br>Coordinaci\u00f3n de investigaci\u00f3n de la ENTS, investigacion@ents.unam.mx<\/p>\n\n\n        <div id=\"ep-gutenberg-content-07ac48beec8f42c45f31dd11d36265ec\" class=\"ep-gutenberg-content aligncenter ep-percentage-width   ep-content-protection-disabled\">\n            <div class=\"embedpress-inner-iframe emebedpress-unit-percent ep-doc-07ac48beec8f42c45f31dd11d36265ec\" style=\"max-width:600%\" id=\"embedpress-pdf-1756426526324\">\n                <div >\n                    <div class=\"ep-embed-content-wraper\"><div class=\"position-right-wraper gutenberg-pdf-wraper\"><iframe title=\"Seminario_Derechos_NNA_miradas_interdisciplinarias (1)\" class=\"embedpress-embed-document-pdf embedpress-pdf-1756426526324\" style=\"width:600%;height:600px; max-width:100%; display: inline-block\" src=\"https:\/\/tejiendoredesinfancia.org\/wp-admin\/admin-ajax.php?action=get_viewer&#038;file=https%3A%2F%2Ftejiendoredesinfancia.org%2Fwp-content%2Fuploads%2F2025%2F08%2FSeminario_Derechos_NNA_miradas_interdisciplinarias-1.pdf#key=dGhlbWVNb2RlPWRlZmF1bHQmdG9vbGJhcj10cnVlJnBvc2l0aW9uPXRvcCZwcmVzZW50YXRpb249dHJ1ZSZsYXp5TG9hZD1mYWxzZSZkb3dubG9hZD10cnVlJmNvcHlfdGV4dD10cnVlJmFkZF90ZXh0PXRydWUmZHJhdz10cnVlJmRvY19yb3RhdGlvbj10cnVlJmFkZF9pbWFnZT10cnVlJmRvY19kZXRhaWxzPXRydWUmem9vbV9pbj10cnVlJnpvb21fb3V0PXRydWUmZml0X3ZpZXc9dHJ1ZSZib29rbWFyaz10cnVlJmZsaXBib29rX3Rvb2xiYXJfcG9zaXRpb249Ym90dG9tJnNlbGVjdGlvbl90b29sPTAmc2Nyb2xsaW5nPS0xJnNwcmVhZHM9LTEmd2F0ZXJtYXJrX3RleHQ9JndhdGVybWFya19mb250X3NpemU9NDgmd2F0ZXJtYXJrX2NvbG9yPSUyMzAwMDAwMCZ3YXRlcm1hcmtfb3BhY2l0eT0xNSZ3YXRlcm1hcmtfc3R5bGU9Y2VudGVy\" frameborder=\"0\" oncontextmenu=\"return false;\"><\/iframe> <p class=\"embedpress-el-powered\">Powered By EmbedPress<\/p><\/div><\/div>                <\/div>\n            <\/div>\n        <\/div>","protected":false},"excerpt":{"rendered":"<p>Coordinadores:Dr. Pedro Daniel Mart\u00ednez Sierra. Escuela Nacional de Trabajo Social UNAMLic. Juan Mart\u00edn P\u00e9rez Garc\u00eda. Tejiendo Redes Infancia Objetivo: Analizar los procesos de transformaci\u00f3n de la<span class=\"excerpt-hellip\"> [\u2026]<\/span><\/p>\n","protected":false},"author":1,"featured_media":3990,"comment_status":"open","ping_status":"closed","sticky":false,"template":"","format":"standard","meta":{"_acf_changed":false,"footnotes":""},"categories":[213,19],"tags":[24],"class_list":["post-3988","post","type-post","status-publish","format-standard","has-post-thumbnail","hentry","category-documentos-institucionales","category-publicaciones","tag-derechos-por-la-ninez-y-la-infancia"],"acf":[],"_links":{"self":[{"href":"https:\/\/tejiendoredesinfancia.org\/en_us\/wp-json\/wp\/v2\/posts\/3988","targetHints":{"allow":["GET"]}}],"collection":[{"href":"https:\/\/tejiendoredesinfancia.org\/en_us\/wp-json\/wp\/v2\/posts"}],"about":[{"href":"https:\/\/tejiendoredesinfancia.org\/en_us\/wp-json\/wp\/v2\/types\/post"}],"author":[{"embeddable":true,"href":"https:\/\/tejiendoredesinfancia.org\/en_us\/wp-json\/wp\/v2\/users\/1"}],"replies":[{"embeddable":true,"href":"https:\/\/tejiendoredesinfancia.org\/en_us\/wp-json\/wp\/v2\/comments?post=3988"}],"version-history":[{"count":2,"href":"https:\/\/tejiendoredesinfancia.org\/en_us\/wp-json\/wp\/v2\/posts\/3988\/revisions"}],"predecessor-version":[{"id":3993,"href":"https:\/\/tejiendoredesinfancia.org\/en_us\/wp-json\/wp\/v2\/posts\/3988\/revisions\/3993"}],"wp:featuredmedia":[{"embeddable":true,"href":"https:\/\/tejiendoredesinfancia.org\/en_us\/wp-json\/wp\/v2\/media\/3990"}],"wp:attachment":[{"href":"https:\/\/tejiendoredesinfancia.org\/en_us\/wp-json\/wp\/v2\/media?parent=3988"}],"wp:term":[{"taxonomy":"category","embeddable":true,"href":"https:\/\/tejiendoredesinfancia.org\/en_us\/wp-json\/wp\/v2\/categories?post=3988"},{"taxonomy":"post_tag","embeddable":true,"href":"https:\/\/tejiendoredesinfancia.org\/en_us\/wp-json\/wp\/v2\/tags?post=3988"}],"curies":[{"name":"wp","href":"https:\/\/api.w.org\/{rel}","templated":true}]}}