{"id":4140,"date":"2026-04-29T14:31:41","date_gmt":"2026-04-29T20:31:41","guid":{"rendered":"https:\/\/tejiendoredesinfancia.org\/?p=4140"},"modified":"2026-04-29T14:32:39","modified_gmt":"2026-04-29T20:32:39","slug":"seminario-internacional-ninas-poderosas-convoca-a-fortalecer-la-respuesta-frente-a-la-violencia-contra-ninas-y-adolescentes-en-mexico","status":"publish","type":"post","link":"https:\/\/tejiendoredesinfancia.org\/en_us\/sala-de-prensa\/seminario-internacional-ninas-poderosas-convoca-a-fortalecer-la-respuesta-frente-a-la-violencia-contra-ninas-y-adolescentes-en-mexico\/","title":{"rendered":"Seminario Internacional \u201cNi\u00f1as Poderosas\u201d convoca a fortalecer la respuesta frente a la violencia contra ni\u00f1as y adolescentes en M\u00e9xico"},"content":{"rendered":"<p>-En M\u00e9xico, m\u00e1s del 60% de las mujeres de 15 a\u00f1os y m\u00e1s han vivido alg\u00fan tipo de violencia a lo largo de su vida (INEGI, ENDIREH 2021).<br>-A nivel regional, Am\u00e9rica Latina y el Caribe presenta altos niveles de violencia de g\u00e9nero, donde las adolescentes enfrentan mayores riesgos de violencia sexual en contextos de desigualdad estructural (CEPAL, 2022), lo que profundiza las brechas en el acceso a la justicia y la protecci\u00f3n.<br>-El Seminario Internacional \u201cNi\u00f1as Poderosas con redes de apoyo para crecer libres de violencia\u201d constituye el marco de presentaci\u00f3n de la alianza estrat\u00e9gica entre la Delegaci\u00f3n de la Uni\u00f3n Europea en M\u00e9xico, Tejiendo Redes Infancia y Cultivando G\u00e9nero<\/p>\n\n\n\n<p>20 de abril de 2026.- En un contexto donde la violencia de g\u00e9nero contin\u00faa siendo una de las principales problem\u00e1ticas que afectan el ejercicio pleno de los derechos de ni\u00f1as y adolescentes, se llevar\u00e1 a cabo el Seminario Internacional \u201cNi\u00f1as Poderosas con redes de apoyo para crecer libres de violencia\u201d, los d\u00edas 21, 22 y 23 de abril de 2026, en modalidad virtual, que reunir\u00e1 a autoridades de primer contacto en los sectores de seguridad, justicia, salud, educaci\u00f3n y protecci\u00f3n; funcionariado p\u00fablico de los niveles local, estatal y federal; representantes de organismos internacionales; organizaciones de la sociedad civil; colectivas comunitarias; ni\u00f1as, adolescentes y mujeres j\u00f3venes, as\u00ed como tomadoras de decisiones, con el objetivo de fortalecer capacidades para prevenir y atender la violencia contra ni\u00f1as y adolescentes desde un enfoque integral.<\/p>\n\n\n\n<p>La realizaci\u00f3n de este evento responde a la urgencia de atender las distintas formas de violencia, que contin\u00faan limitando el acceso a la justicia, la salud y una vida libre de violencias para ni\u00f1as y adolescentes. Asimismo, es un espacio para la reflexi\u00f3n de las barreras estructurales, institucionales y socioculturales que dificultan la denuncia, la atenci\u00f3n oportuna y la garant\u00eda de derechos.<\/p>\n\n\n\n<p>En este escenario, el seminario se plantea como un espacio de di\u00e1logo intersectorial e intergeneracional que busca generar un entendimiento com\u00fan sobre la violencia machista y c\u00f3mo est\u00e1 afecta la vida de ni\u00f1as, adolescentes y j\u00f3venes, as\u00ed como en el papel clave de las autoridades de primer contacto en la prevenci\u00f3n, atenci\u00f3n y garant\u00eda de derechos.<\/p>\n\n\n\n<p>Desde un enfoque de derechos humanos, derechos de la infancia y perspectiva de g\u00e9nero, se abordar\u00e1n temas relacionados con el contexto de la violencia, las corresponsabilidades entre los distintos niveles de gobierno, comunidades, escuelas y familias, as\u00ed como buenas pr\u00e1cticas para la atenci\u00f3n integral centrada en las v\u00edctimas, el resguardo adecuado de pruebas e informaci\u00f3n y los mecanismos de apoyo y acompa\u00f1amiento. De manera transversal, se incorporar\u00e1 la participaci\u00f3n de adolescentes y mujeres j\u00f3venes como actoras fundamentales en la construcci\u00f3n de propuestas y soluciones frente a las violencias que les afectan.<\/p>\n\n\n\n<p>El Seminario Internacional tambi\u00e9n constituye el marco de presentaci\u00f3n de la alianza estrat\u00e9gica entre la Delegaci\u00f3n de la Uni\u00f3n Europea en M\u00e9xico, Tejiendo Redes Infancia y Cultivando G\u00e9nero formalizada en diciembre de 2025. Esta alianza tiene como prop\u00f3sito fortalecer el acceso a la justicia y la atenci\u00f3n a v\u00edctimas de violencia mediante procesos de articulaci\u00f3n intersectorial, \u00e9tica intergeneracional, el impulso de liderazgos institucionales y el fortalecimiento de los tejidos comunitarios para garantizar a ni\u00f1as y adolescentes su derecho a una vida libre de violencias.<\/p>\n\n\n\n<p>El objetivo general del seminario es fortalecer las capacidades de los actores intersectoriales para comprender, prevenir y atender la violencia de g\u00e9nero que afecta a ni\u00f1as, adolescentes y j\u00f3venes, promoviendo cambios en las pr\u00e1cticas institucionales que permitan un acceso efectivo a la justicia y a la salud.<\/p>\n\n\n\n<p>Frente a un problema estructural que afecta de manera desproporcionada a ni\u00f1as y adolescentes, este seminario convoca a reconocer responsabilidades compartidas y a construir respuestas coordinadas que garanticen su derecho a vivir libres de violencia.<\/p>\n\n\n\n<p>#RedesQueProtegen #CrecerLibresDeViolencia<br><br>Transmisi\u00f3n en vivo: youtube.com\/ollintv<\/p>\n\n\n\n<p>OoO<\/p>\n\n\n\n<p>Fuentes:<br>M\u00e9xico \u2013 ENDIREH 2021 (INEGI) https:\/\/www.inegi.org.mx\/programas\/endireh\/2021\/<br>Am\u00e9rica Latina y el Caribe \u2013 CEPAL (2022)https:\/\/repositorio.cepal.org\/handle\/11362\/46207<\/p>\n\n\n\n<p>Contacto de prensa: Ver\u00f3nica Morales comunicacion@tejiendoredesinfancia.org<\/p>","protected":false},"excerpt":{"rendered":"<p>-En M\u00e9xico, m\u00e1s del 60% de las mujeres de 15 a\u00f1os y m\u00e1s han vivido alg\u00fan tipo de violencia a lo largo de su vida (INEGI,<span class=\"excerpt-hellip\"> [\u2026]<\/span><\/p>\n","protected":false},"author":1,"featured_media":4141,"comment_status":"open","ping_status":"closed","sticky":false,"template":"","format":"standard","meta":{"_acf_changed":false,"footnotes":""},"categories":[18],"tags":[],"class_list":["post-4140","post","type-post","status-publish","format-standard","has-post-thumbnail","hentry","category-sala-de-prensa"],"acf":[],"_links":{"self":[{"href":"https:\/\/tejiendoredesinfancia.org\/en_us\/wp-json\/wp\/v2\/posts\/4140","targetHints":{"allow":["GET"]}}],"collection":[{"href":"https:\/\/tejiendoredesinfancia.org\/en_us\/wp-json\/wp\/v2\/posts"}],"about":[{"href":"https:\/\/tejiendoredesinfancia.org\/en_us\/wp-json\/wp\/v2\/types\/post"}],"author":[{"embeddable":true,"href":"https:\/\/tejiendoredesinfancia.org\/en_us\/wp-json\/wp\/v2\/users\/1"}],"replies":[{"embeddable":true,"href":"https:\/\/tejiendoredesinfancia.org\/en_us\/wp-json\/wp\/v2\/comments?post=4140"}],"version-history":[{"count":1,"href":"https:\/\/tejiendoredesinfancia.org\/en_us\/wp-json\/wp\/v2\/posts\/4140\/revisions"}],"predecessor-version":[{"id":4142,"href":"https:\/\/tejiendoredesinfancia.org\/en_us\/wp-json\/wp\/v2\/posts\/4140\/revisions\/4142"}],"wp:featuredmedia":[{"embeddable":true,"href":"https:\/\/tejiendoredesinfancia.org\/en_us\/wp-json\/wp\/v2\/media\/4141"}],"wp:attachment":[{"href":"https:\/\/tejiendoredesinfancia.org\/en_us\/wp-json\/wp\/v2\/media?parent=4140"}],"wp:term":[{"taxonomy":"category","embeddable":true,"href":"https:\/\/tejiendoredesinfancia.org\/en_us\/wp-json\/wp\/v2\/categories?post=4140"},{"taxonomy":"post_tag","embeddable":true,"href":"https:\/\/tejiendoredesinfancia.org\/en_us\/wp-json\/wp\/v2\/tags?post=4140"}],"curies":[{"name":"wp","href":"https:\/\/api.w.org\/{rel}","templated":true}]}}