{"id":4143,"date":"2026-04-29T14:41:48","date_gmt":"2026-04-29T20:41:48","guid":{"rendered":"https:\/\/tejiendoredesinfancia.org\/?p=4143"},"modified":"2026-04-29T14:41:50","modified_gmt":"2026-04-29T20:41:50","slug":"senadoras-y-senadores-unen-esfuerzos-junto-a-ninas-poderosas-para-que-la-prevencion-de-la-violencia-contra-la-infancia-en-el-mundo-digital-sea-una-causa-nacional","status":"publish","type":"post","link":"https:\/\/tejiendoredesinfancia.org\/en_us\/sala-de-prensa\/senadoras-y-senadores-unen-esfuerzos-junto-a-ninas-poderosas-para-que-la-prevencion-de-la-violencia-contra-la-infancia-en-el-mundo-digital-sea-una-causa-nacional\/","title":{"rendered":"Senadoras y Senadores unen esfuerzos junto a Ni\u00f1as Poderosas, para que la prevenci\u00f3n de la violencia contra la infancia en el mundo digital, sea una causa nacional"},"content":{"rendered":"<ul class=\"wp-block-list\">\n<li>La prevenci\u00f3n de la violencia digital contra ni\u00f1as, ni\u00f1os y adolescentes debe colocarse como una prioridad nacional con acciones coordinadas entre Estado, empresas y sociedad.<\/li>\n\n\n\n<li>La participaci\u00f3n activa de ni\u00f1as, ni\u00f1os y adolescentes es fundamental para construir entornos digitales seguros, inclusivos y libres de violencia.<\/li>\n<\/ul>\n\n\n\n<p>28 de abril de 2026.- En el marco del D\u00eda del Ni\u00f1o y la Ni\u00f1a en M\u00e9xico, el Senado de la Rep\u00fablica fue sede de una conferencia de prensa en la que participaron senadoras, senadores, organizaciones de la sociedad civil y ni\u00f1as y j\u00f3venes, con el prop\u00f3sito de hacer un llamado urgente a colocar la prevenci\u00f3n de la violencia contra la ni\u00f1ez y la adolescencia como una prioridad nacional, especialmente en los entornos digitales.<\/p>\n\n\n\n<p>Bajo la premisa de unir esfuerzos para que la prevenci\u00f3n y la atenci\u00f3n de la violencia contra la infancias en el entorno digital sean una causa nacional, durante el encuentro se abordaron los desaf\u00edos actuales en materia de seguridad digital, las alternativas de prevenci\u00f3n y la urgencia de garantizar los derechos de ni\u00f1as, ni\u00f1os y adolescentes en internet, impulsando la construcci\u00f3n de #RedesQueProtegen.<\/p>\n\n\n\n<p>En la conferencia participaron la senadora Alejandra Barrales, secretaria de la Comisi\u00f3n de Justicia; el senador Luis Donaldo Colosio, presidente de la Comisi\u00f3n de Derechos Digitales; la senadora Laura Esquivel, presidenta de la Comisi\u00f3n de Ni\u00f1ez; el senador To\u00f1o Mart\u00edn del Campo; Michelle, Itzel y Grecia, integrantes del grupo Ni\u00f1as Poderosas; as\u00ed como Juan Mart\u00edn P\u00e9rez Garc\u00eda, coordinador de Tejiendo Redes Infancia.<\/p>\n\n\n\n<p>En M\u00e9xico y en el mundo, el acceso a internet entre ni\u00f1as, ni\u00f1os y adolescentes ha crecido de manera sostenida en los \u00faltimos a\u00f1os, convirti\u00e9ndose en una herramienta central para la educaci\u00f3n, la comunicaci\u00f3n y la participaci\u00f3n social. De acuerdo con UNICEF, a nivel global 7 de cada 10 j\u00f3venes est\u00e1n conectados a internet, lo que los convierte en el grupo m\u00e1s digitalmente activo, aunque persisten brechas importantes en el acceso.<\/p>\n\n\n\n<p>Asimismo, alrededor de 2.2 mil millones de ni\u00f1as, ni\u00f1os y j\u00f3venes no cuentan con conexi\u00f3n a internet en el hogar, lo que refleja profundas desigualdades en el entorno digital. Cada vez m\u00e1s infancias acceden a dispositivos m\u00f3viles y plataformas digitales desde edades tempranas, lo que ampl\u00eda sus oportunidades, pero tambi\u00e9n las expone a riesgos como la violencia digital, el acoso y la vulneraci\u00f3n de su privacidad, haciendo indispensable fortalecer estrategias de protecci\u00f3n y acompa\u00f1amiento.<\/p>\n\n\n\n<p>Michelle, de 12 a\u00f1os e integrante de Ni\u00f1as Poderosas, subray\u00f3 la importancia de dejar de responsabilizar a las infancias por las violencias que enfrentan en redes sociales. \u201cMuchas veces se nos culpa por lo que vivimos en internet, pero la responsabilidad est\u00e1 en las desigualdades, en la falta de prevenci\u00f3n y en la poca protecci\u00f3n de empresas y gobiernos\u201d.<\/p>\n\n\n\n<p>Por su parte, Itzel enfatiz\u00f3 que la violencia digital es un problema global que requiere respuestas estructurales e incluyentes. \u201cVivir con miedo no deber\u00eda ser nuestro ideal social; necesitamos una ciudadan\u00eda digital accesible para todas las infancias, sin excluir a nadie por su origen, condici\u00f3n o identidad\u201d.<\/p>\n\n\n\n<p>En su intervenci\u00f3n, Grecia destac\u00f3 que la violencia digital tiene impactos reales en la vida de ni\u00f1as, ni\u00f1os y adolescentes, afectando su salud mental y su seguridad. \u201cLa violencia digital s\u00ed es real: atraviesa la pantalla y vulnera nuestros derechos, por lo que exigimos que la seguridad digital sea una prioridad nacional\u201d.<\/p>\n\n\n\n<p>En su intervenci\u00f3n, Juan Mart\u00edn P\u00e9rez Garc\u00eda hizo un llamado a reconocer que las infancias no son el problema, sino que viven en contextos de riesgo que pueden transformarse. \u201cNi\u00f1as, ni\u00f1os y adolescentes no son el peligro; est\u00e1n en un contexto de peligro que podemos cambiar si hacemos de su protecci\u00f3n una prioridad nacional\u201d.<\/p>\n\n\n\n<p>Durante la conferencia, se reiter\u00f3 la necesidad de avanzar hacia pol\u00edticas p\u00fablicas que garanticen la protecci\u00f3n integral de la ni\u00f1ez en entornos digitales, promoviendo la corresponsabilidad entre Estado, empresas tecnol\u00f3gicas, comunidades y familias, as\u00ed como la participaci\u00f3n activa de ni\u00f1as, ni\u00f1os y adolescentes en la construcci\u00f3n de soluciones.<\/p>\n\n\n\n<p>El encuentro concluy\u00f3 con un llamado a fortalecer la articulaci\u00f3n entre actores p\u00fablicos y sociales para tejer redes que protejan a las infancias, reconociendo que la construcci\u00f3n de entornos digitales seguros, inclusivos y libres de violencia es una tarea colectiva que debe sostenerse m\u00e1s all\u00e1 de fechas conmemorativas.<\/p>\n\n\n\n<p>V\u00eddeo | Conferencia de Prensa:<br>https:\/\/www.youtube.com\/watch?v=BBT4TamaJdg<\/p>\n\n\n\n<p>Contacto de prensa: Ver\u00f3nica Morales \/ comunicacion@tejiendoredesinfancia.org<\/p>\n\n\n\n<p><\/p>","protected":false},"excerpt":{"rendered":"<p>28 de abril de 2026.- En el marco del D\u00eda del Ni\u00f1o y la Ni\u00f1a en M\u00e9xico, el Senado de la Rep\u00fablica fue sede de una<span class=\"excerpt-hellip\"> [\u2026]<\/span><\/p>\n","protected":false},"author":1,"featured_media":4144,"comment_status":"open","ping_status":"closed","sticky":false,"template":"","format":"standard","meta":{"_acf_changed":false,"footnotes":""},"categories":[18],"tags":[],"class_list":["post-4143","post","type-post","status-publish","format-standard","has-post-thumbnail","hentry","category-sala-de-prensa"],"acf":[],"_links":{"self":[{"href":"https:\/\/tejiendoredesinfancia.org\/en_us\/wp-json\/wp\/v2\/posts\/4143","targetHints":{"allow":["GET"]}}],"collection":[{"href":"https:\/\/tejiendoredesinfancia.org\/en_us\/wp-json\/wp\/v2\/posts"}],"about":[{"href":"https:\/\/tejiendoredesinfancia.org\/en_us\/wp-json\/wp\/v2\/types\/post"}],"author":[{"embeddable":true,"href":"https:\/\/tejiendoredesinfancia.org\/en_us\/wp-json\/wp\/v2\/users\/1"}],"replies":[{"embeddable":true,"href":"https:\/\/tejiendoredesinfancia.org\/en_us\/wp-json\/wp\/v2\/comments?post=4143"}],"version-history":[{"count":1,"href":"https:\/\/tejiendoredesinfancia.org\/en_us\/wp-json\/wp\/v2\/posts\/4143\/revisions"}],"predecessor-version":[{"id":4145,"href":"https:\/\/tejiendoredesinfancia.org\/en_us\/wp-json\/wp\/v2\/posts\/4143\/revisions\/4145"}],"wp:featuredmedia":[{"embeddable":true,"href":"https:\/\/tejiendoredesinfancia.org\/en_us\/wp-json\/wp\/v2\/media\/4144"}],"wp:attachment":[{"href":"https:\/\/tejiendoredesinfancia.org\/en_us\/wp-json\/wp\/v2\/media?parent=4143"}],"wp:term":[{"taxonomy":"category","embeddable":true,"href":"https:\/\/tejiendoredesinfancia.org\/en_us\/wp-json\/wp\/v2\/categories?post=4143"},{"taxonomy":"post_tag","embeddable":true,"href":"https:\/\/tejiendoredesinfancia.org\/en_us\/wp-json\/wp\/v2\/tags?post=4143"}],"curies":[{"name":"wp","href":"https:\/\/api.w.org\/{rel}","templated":true}]}}