{"id":1343,"date":"2018-11-12T12:30:00","date_gmt":"2018-11-12T18:30:00","guid":{"rendered":"https:\/\/tejiendoredesinfancia.org\/?p=1343"},"modified":"2021-09-02T12:33:27","modified_gmt":"2021-09-02T17:33:27","slug":"ninas-ninos-y-adolescentes-de-9-paises-se-reunen-en-san-salvador-para-reflexionar-y-proponer-cambios-a-favor-de-sus-derechos-humanos","status":"publish","type":"post","link":"https:\/\/tejiendoredesinfancia.org\/pt_br\/sala-de-prensa\/ninas-ninos-y-adolescentes-de-9-paises-se-reunen-en-san-salvador-para-reflexionar-y-proponer-cambios-a-favor-de-sus-derechos-humanos\/","title":{"rendered":"Meninas, meninos e adolescentes de 9 pa\u00edses se re\u00fanem em San Salvador para refletir e propor mudan\u00e7as em favor de seus direitos humanos"},"content":{"rendered":"<ul class=\"wp-block-list\"><li><strong>A atividade faz parte do projeto #TejiendoRedesInfancia e visa gerar espa\u00e7os de participa\u00e7\u00e3o infantil.<\/strong><\/li><li><strong>Este \u00e9 o segundo encontro sub-regional depois de mais um ocorrido no Brasil na semana passada.<\/strong><\/li><\/ul>\n\n\n\n<p class=\"has-drop-cap\">Mais de 40 meninas, meninos e adolescentes se re\u00fanem nos dias 22, 23 e 24 de novembro na cidade de San Salvador, El Salvador, para refletir e compartilhar sobre suas pr\u00e1ticas de participa\u00e7\u00e3o infantil e as diferentes maneiras pelas quais podem influenciar pol\u00edticas para mudar sua realidade em a favor da garantia de seus direitos humanos. Durante a coletiva de imprensa, Elmer Mendoza, um adolescente participante do evento, destacou <em>\u201cN\u00f3s, meninas, meninos e adolescentes n\u00e3o somos o futuro, somos o presente e queremos que os adultos nos conhe\u00e7am e nos ou\u00e7am\u201d.<\/em> Da mesma forma, Balmore Cordoba, Coordenador T\u00e9cnico da Sub-regi\u00e3o Mesoamericana e Caribenha do projeto #TejiendoRedesInfancia, destacou \u201co que queremos \u00e9 que as crian\u00e7as tenham mais voz, que possam ser reconhecidas como atores sociais\u201d.<\/p>\n\n\n\n<p>Representantes das Coaliz\u00f5es Nacionais integrantes da @REDLAMYC Rede Latino-Americana e Caribenha de Defesa da Crian\u00e7a e do Adolescente participar\u00e3o do &quot;Encontro de Crian\u00e7as e Adolescentes da Sub-regi\u00e3o Mesoamericana e Caribenha&quot;.<\/p>\n\n\n\n<p>O evento, coordenado localmente com a Rede RIA para Crian\u00e7as e Adolescentes, realiza-se no \u00e2mbito do Projeto #TejiendoRedesInfancia executado por REDLAMYC com financiamento da Uni\u00e3o Europeia e Save the Children e visa construir uma linha do tempo que permite que os espa\u00e7os se tornem vis\u00edveis advocacia onde meninas, meninos e adolescentes participam, pactuam as principais quest\u00f5es que consideram priorit\u00e1rias e geram um plano de a\u00e7\u00e3o.<\/p>\n\n\n\n<p>A Rede de Crian\u00e7as e Adolescentes - RIA \u00e9 a Coaliz\u00e3o que coordena o Encontro, que nesta ocasi\u00e3o recebe os participantes em El Salvador. Tamb\u00e9m participam do evento a Rede pelos Direitos da Crian\u00e7a no M\u00e9xico REDIM, Coordenadora Institucional para a Promo\u00e7\u00e3o dos Direitos da Crian\u00e7a CIPRODENI - Guatemala; a Coordenadora de Institui\u00e7\u00f5es Privadas pelos Direitos da Crian\u00e7a da COIPRODEN - Honduras; a Federa\u00e7\u00e3o Coordenadora de ONGs da Nicar\u00e1gua que trabalha com Crian\u00e7as e Adolescentes CODENI; a Uni\u00e3o das Institui\u00e7\u00f5es Privadas de Aten\u00e7\u00e3o \u00e0 Crian\u00e7a UNIPRIN - Costa Rica; Rede Nacional de Apoio a Crian\u00e7as e Adolescentes do Panam\u00e1 REDNANIAP, Conselho de Igrejas de Cuba (CIC) e ONG Coaliz\u00e3o para Crian\u00e7as da Rep\u00fablica Dominicana.<\/p>\n\n\n\n<hr class=\"wp-block-separator is-style-dots\"\/>\n\n\n\n<p>Contato de m\u00eddia: <\/p>\n\n\n\n<p>Ver\u00f3nica Morales, Diretora Regional de Comunica\u00e7\u00e3o #TejiendoRedesInfancia +52 1 55 5620 9309<\/p>","protected":false},"excerpt":{"rendered":"<p>La actividad forma parte del proyecto #TejiendoRedesInfancia y busca generar espacios para la participaci\u00f3n infantil. Este es el segundo de los encuentros subregionales luego de que<span class=\"excerpt-hellip\"> [\u2026]<\/span><\/p>\n","protected":false},"author":1,"featured_media":1344,"comment_status":"open","ping_status":"open","sticky":false,"template":"","format":"standard","meta":{"_acf_changed":false,"footnotes":""},"categories":[18],"tags":[20,24,22,21],"class_list":["post-1343","post","type-post","status-publish","format-standard","has-post-thumbnail","hentry","category-sala-de-prensa","tag-tejiendoredesinfancia","tag-derechos-por-la-ninez-y-la-infancia","tag-infancialatina-org","tag-ollin-tv"],"acf":[],"_links":{"self":[{"href":"https:\/\/tejiendoredesinfancia.org\/pt_br\/wp-json\/wp\/v2\/posts\/1343","targetHints":{"allow":["GET"]}}],"collection":[{"href":"https:\/\/tejiendoredesinfancia.org\/pt_br\/wp-json\/wp\/v2\/posts"}],"about":[{"href":"https:\/\/tejiendoredesinfancia.org\/pt_br\/wp-json\/wp\/v2\/types\/post"}],"author":[{"embeddable":true,"href":"https:\/\/tejiendoredesinfancia.org\/pt_br\/wp-json\/wp\/v2\/users\/1"}],"replies":[{"embeddable":true,"href":"https:\/\/tejiendoredesinfancia.org\/pt_br\/wp-json\/wp\/v2\/comments?post=1343"}],"version-history":[{"count":0,"href":"https:\/\/tejiendoredesinfancia.org\/pt_br\/wp-json\/wp\/v2\/posts\/1343\/revisions"}],"wp:featuredmedia":[{"embeddable":true,"href":"https:\/\/tejiendoredesinfancia.org\/pt_br\/wp-json\/wp\/v2\/media\/1344"}],"wp:attachment":[{"href":"https:\/\/tejiendoredesinfancia.org\/pt_br\/wp-json\/wp\/v2\/media?parent=1343"}],"wp:term":[{"taxonomy":"category","embeddable":true,"href":"https:\/\/tejiendoredesinfancia.org\/pt_br\/wp-json\/wp\/v2\/categories?post=1343"},{"taxonomy":"post_tag","embeddable":true,"href":"https:\/\/tejiendoredesinfancia.org\/pt_br\/wp-json\/wp\/v2\/tags?post=1343"}],"curies":[{"name":"wp","href":"https:\/\/api.w.org\/{rel}","templated":true}]}}