{"id":1421,"date":"2019-02-13T13:44:00","date_gmt":"2019-02-13T19:44:00","guid":{"rendered":"https:\/\/tejiendoredesinfancia.org\/?p=1421"},"modified":"2025-03-24T16:30:12","modified_gmt":"2025-03-24T22:30:12","slug":"corrupcion-y-evasion-fiscal-afectan-las-politicas-publicas-de-ninez-en-america-latina-y-el-caribe","status":"publish","type":"post","link":"https:\/\/tejiendoredesinfancia.org\/pt_br\/sala-de-prensa\/corrupcion-y-evasion-fiscal-afectan-las-politicas-publicas-de-ninez-en-america-latina-y-el-caribe\/","title":{"rendered":"Corrup\u00e7\u00e3o e sonega\u00e7\u00e3o de impostos afetam pol\u00edticas p\u00fablicas para crian\u00e7as na Am\u00e9rica Latina e no Caribe"},"content":{"rendered":"<ul class=\"wp-block-list\">\n<li><strong>La garant\u00eda de derechos est\u00e1 directamente vinculada a los presupuestos y c\u00f3mo se invierten: Ombudsman Nacional.<\/strong><\/li>\n\n\n\n<li><strong>Necesitamos observar qu\u00e9 estamos haciendo para combatir la corrupci\u00f3n: Arosemena.<\/strong><\/li>\n\n\n\n<li><strong>Gobiernos est\u00e1n obligados a gestar pol\u00edticas f<\/strong>iscales desde el enfoque de los derechos humanos.<\/li>\n\n\n\n<li><strong>Las organizaciones sociales tenemos la urgencia de fortalecer nuestro rol de Contralor\u00eda Ciudadana: P\u00e9rez Garc\u00eda.<\/strong><\/li>\n<\/ul>\n\n\n\n<p class=\"has-drop-cap\">Con la finalidad de destacar la problem\u00e1tica que provoca la corrupci\u00f3n, la evasi\u00f3n fiscal y el subejercicio presupuestal en la garant\u00eda de los derechos de la ni\u00f1ez y la adolescencia, REDLAMYC coordin\u00f3 el \u201cSeminario de Pensamiento Latinoamericano sobre Derechos Infancia\u201d para analizar las distintas implicaciones que tienen estas pr\u00e1cticas, las cuales son recurrentes en diversos pa\u00edses de Am\u00e9rica Latina y el Caribe.<\/p>\n\n\n\n<p>El evento celebrado el 8 de noviembre en la Ciudad de M\u00e9xico, tuvo como tema \u201cInversi\u00f3n en la infancia frente al desaf\u00edo de los para\u00edsos fiscales, la corrupci\u00f3n y el subejercicio presupuestal\u201d y se realiz\u00f3 en el marco del Proyecto #TejiendoRedesInfancia financiado por la Uni\u00f3n Europea, en el mismo participaron autoridades locales y nacionales, organismos internacionales, organizaciones de la sociedad civil e representantes de 26 Coaliciones Nacionales de Am\u00e9rica Latina y el Caribe que integran la REDLAMYC.<\/p>\n\n\n\n<p>La Senadora Ang\u00e9lica De la Pe\u00f1a G\u00f3mez, Presidenta de la Comisi\u00f3n de Derechos Humanos del Senado de la Rep\u00fablica, cuestion\u00f3 el modelo institucional que transfiere la responsabilidad de los cuidados de las ni\u00f1as, ni\u00f1os y adolescentes s\u00f3lo a madres y padres, se\u00f1al\u00f3 que la Convenci\u00f3n sobre los Derechos del Ni\u00f1o establece la responsabilidad del Estado de proveer todo lo necesario para atender los derechos de ni\u00f1as, ni\u00f1os y adolescentes, por lo que pidi\u00f3 m\u00e1s atenci\u00f3n del Estado especialmente con la primera infancia, se\u00f1al\u00f3 que <em>\u00ablos recursos no pueden quedar escondidos en para\u00edsos fiscales o desaparecer en la corrupci\u00f3n.\u201d<\/em><\/p>\n\n\n\n<p>Luis Ra\u00fal Gonz\u00e1lez P\u00e9rez, Presidente de la Comisi\u00f3n Nacional de Derechos Humanos (CNDH-M\u00e9xico) explic\u00f3 que las garant\u00edas de los derechos de la infancia est\u00e1n directamente vinculadas a los presupuestos y c\u00f3mo se utilizan. Dijo que buena parte de las carencias que M\u00e9xico y otros pa\u00edses tienen con inversiones en salud, seguridad, educaci\u00f3n, servicios b\u00e1sicos, alimentaci\u00f3n podr\u00edan ser mejores si se previene la corrupci\u00f3n.<\/p>\n\n\n\n<p>El Ombudsman apunt\u00f3 que es necesario transitar a un presupuesto p\u00fablico que tenga como eje de su dise\u00f1o, ejecuci\u00f3n y revisi\u00f3n la dignidad de la persona, bajo un esquema de buena gobernanza que impida la evasi\u00f3n de impuestos, la corrupci\u00f3n y el desv\u00edo de recursos.<\/p>\n\n\n\n<p>Esmeralda Arosemana de Troiti\u00f1o, relatora de Derechos de la ni\u00f1ez de la Comisi\u00f3n Interamericana de Derechos Humanos (CIDH) dijo que el tema del seminario es un desaf\u00edo para evaluar, medir, identificar las responsabilidades del Estado con ni\u00f1as, ni\u00f1os y adolescentes<em> \u00abel gran desaf\u00edo que tenemos hoy es trabajar con las instituciones, pero tambi\u00e9n observar lo que estamos haciendo para combatir la corrupci\u00f3n.\u201d<\/em><\/p>\n\n\n\n<p>Christian Skoog, Representante del Fondo de las Naciones Unidas para la Infancia (UNICEF en M\u00e9xico) dijo que es importante la transparencia en las inversiones en infancia y adolescencia en Am\u00e9rica latina y Caribe, cit\u00f3 el V Seminario de Inversi\u00f3n Social realizado en Argentina, pues <em>\u00abpresent\u00f3 experiencias, buenas pr\u00e1cticas y acuerdos de metas comunes para los derechos de los ni\u00f1os y adolescentes, adem\u00e1s de la construcci\u00f3n de indicadores para los Ministerios de Hacienda para evaluar las inversiones en la infancia.\u201d<\/em><\/p>\n\n\n\n<p>Nashieli Ram\u00edrez, quien recientemente fue elegida como Presidenta de la Comisi\u00f3n de Derechos Humanos del Distrito Federal (CDHDF) explic\u00f3 que en M\u00e9xico la lucha que se da por la inversi\u00f3n y el presupuesto tiene que ser contundente ya que <em>\u201cel 90 por ciento de la inversi\u00f3n que se hace en infancia se hace en gastos operativos, y menos del 10 por ciento en protecci\u00f3n real.\u201d<\/em><\/p>\n\n\n\n<p>Juan Mart\u00edn P\u00e9rez Garc\u00eda, Secretario Ejecutivo de @REDLAMYC Red Latinoamericana y caribe\u00f1a por la defensa de los derechos de los ni\u00f1os, ni\u00f1as y adolescentes explic\u00f3, durante su intervenci\u00f3n que la corrupci\u00f3n, los para\u00edsos fiscales y el subejercicio presupuestal afectan la garant\u00eda de los derechos de ni\u00f1os y adolescentes <em>\u201cNo se trata s\u00f3lo de tener m\u00e1s dinero, sino c\u00f3mo gastamos y c\u00f3mo es la perspectiva de la garant\u00eda de los derechos de ni\u00f1os y adolescentes. Las organizaciones sociales tenemos la urgencia de fortalecer nuestro rol de Contralor\u00eda Ciudadana para exigir eficacia, transparencia y rendici\u00f3n de cuentas a los Estados en el gasto social en los derechos de la infancia y personas j\u00f3venes.\u201d<\/em><\/p>","protected":false},"excerpt":{"rendered":"<p>Con la finalidad de destacar la problem\u00e1tica que provoca la corrupci\u00f3n, la evasi\u00f3n fiscal y el subejercicio presupuestal en la garant\u00eda de los derechos de la<span class=\"excerpt-hellip\"> [\u2026]<\/span><\/p>\n","protected":false},"author":1,"featured_media":1426,"comment_status":"open","ping_status":"open","sticky":false,"template":"","format":"standard","meta":{"_acf_changed":false,"footnotes":""},"categories":[18],"tags":[20,53,24,22,21,54],"class_list":["post-1421","post","type-post","status-publish","format-standard","has-post-thumbnail","hentry","category-sala-de-prensa","tag-tejiendoredesinfancia","tag-corrupcion","tag-derechos-por-la-ninez-y-la-infancia","tag-infancialatina-org","tag-ollin-tv","tag-politicas-publicas"],"acf":[],"_links":{"self":[{"href":"https:\/\/tejiendoredesinfancia.org\/pt_br\/wp-json\/wp\/v2\/posts\/1421","targetHints":{"allow":["GET"]}}],"collection":[{"href":"https:\/\/tejiendoredesinfancia.org\/pt_br\/wp-json\/wp\/v2\/posts"}],"about":[{"href":"https:\/\/tejiendoredesinfancia.org\/pt_br\/wp-json\/wp\/v2\/types\/post"}],"author":[{"embeddable":true,"href":"https:\/\/tejiendoredesinfancia.org\/pt_br\/wp-json\/wp\/v2\/users\/1"}],"replies":[{"embeddable":true,"href":"https:\/\/tejiendoredesinfancia.org\/pt_br\/wp-json\/wp\/v2\/comments?post=1421"}],"version-history":[{"count":1,"href":"https:\/\/tejiendoredesinfancia.org\/pt_br\/wp-json\/wp\/v2\/posts\/1421\/revisions"}],"predecessor-version":[{"id":3163,"href":"https:\/\/tejiendoredesinfancia.org\/pt_br\/wp-json\/wp\/v2\/posts\/1421\/revisions\/3163"}],"wp:featuredmedia":[{"embeddable":true,"href":"https:\/\/tejiendoredesinfancia.org\/pt_br\/wp-json\/wp\/v2\/media\/1426"}],"wp:attachment":[{"href":"https:\/\/tejiendoredesinfancia.org\/pt_br\/wp-json\/wp\/v2\/media?parent=1421"}],"wp:term":[{"taxonomy":"category","embeddable":true,"href":"https:\/\/tejiendoredesinfancia.org\/pt_br\/wp-json\/wp\/v2\/categories?post=1421"},{"taxonomy":"post_tag","embeddable":true,"href":"https:\/\/tejiendoredesinfancia.org\/pt_br\/wp-json\/wp\/v2\/tags?post=1421"}],"curies":[{"name":"wp","href":"https:\/\/api.w.org\/{rel}","templated":true}]}}