{"id":1444,"date":"2021-09-08T10:13:00","date_gmt":"2021-09-08T15:13:00","guid":{"rendered":"https:\/\/tejiendoredesinfancia.org\/?p=1444"},"modified":"2021-09-13T12:33:28","modified_gmt":"2021-09-13T17:33:28","slug":"logrando-cambios","status":"publish","type":"post","link":"https:\/\/tejiendoredesinfancia.org\/pt_br\/publicaciones\/logrando-cambios\/","title":{"rendered":"Fazendo mudan\u00e7as"},"content":{"rendered":"<p class=\"has-drop-cap\">El presente plan de capacitaci\u00f3n, fue realizado en el marco del proyecto Centroam\u00e9rica en Red por los Derechos de la ni\u00f1ez, el cual tuvo por objetivo general&nbsp;<em>&#8220;Contribuir a la promoci\u00f3n de una sociedad global, democr\u00e1tica e inclusiva a trav\u00e9s de la promoci\u00f3n del di\u00e1logo entre las organizaciones de la sociedad civil y los grupos organizados de ni\u00f1as, ni\u00f1os y adolescentes con las autoridades locales nacionales y los mecanismos de integraci\u00f3n regional en Centroam\u00e9rica&#8221;.&nbsp;<\/em>El plan de capacitaci\u00f3n sobre incidencia pol\u00edtica&nbsp;<strong>&#8220;LOGRANDO CAMBIOS&#8221;&nbsp;<\/strong>se percibe como una herramienta de trabajo din\u00e1mica, que responde a las coyunturas en que se encuentran y desenvuelven las ni\u00f1as, ni\u00f1os y adolescentes. Es un recurso pensado y preparado para trabajarse desde la l\u00f3gica de los colectivos conformados por personas menores de edad.&nbsp;<\/p>\n\n\n\n<div style=\"height:30px\" aria-hidden=\"true\" class=\"wp-block-spacer\"><\/div>\n\n\n\n            <div \n                class=\"elfsight-widget-pdf-embed elfsight-widget\" \n                data-elfsight-pdf-embed-options=\"%7B%22files%22%3A%5B%7B%22link%22%3A%22https%3A%5C%2F%5C%2Ftejiendoredesinfancia.org%5C%2Fwp-content%5C%2Fuploads%5C%2F2021%5C%2F09%5C%2FLogrando-cambios.pdf%22%2C%22name%22%3A%22%22%2C%22previewImage%22%3Anull%7D%5D%2C%22widgetTitle%22%3A%22%22%2C%22layout%22%3A%22viewer%22%2C%22showIcon%22%3Atrue%2C%22icon%22%3A%22icon-3%22%2C%22previewImageSize%22%3A30%2C%22showDownloadLink%22%3Atrue%2C%22downloadLinkText%22%3A%22Descargar%22%2C%22width%22%3A%22100%25%22%2C%22heightFactor%22%3A0.90000000000000002220446049250313080847263336181640625%2C%22iconColor%22%3A%22rgb%28222%2C%2043%2C%2051%29%22%2C%22nameColor%22%3A%22rgb%2817%2C%2017%2C%2017%29%22%2C%22downloadColor%22%3A%22rgb%2828%2C%20145%2C%20255%29%22%2C%22backgroundColor%22%3Anull%2C%22fileBackgroundColor%22%3Anull%2C%22widgetTitleColor%22%3A%22rgb%2817%2C%2017%2C%2017%29%22%2C%22nameFontSize%22%3A15%2C%22downloadFontSize%22%3A13%2C%22widgetTitleFontSize%22%3A20%2C%22widgetId%22%3A%223%22%7D\" \n                data-elfsight-pdf-embed-version=\"1.1.1\"\n                data-elfsight-widget-id=\"elfsight-pdf-embed-3\">\n            <\/div>","protected":false},"excerpt":{"rendered":"<p>El presente plan de capacitaci\u00f3n, fue realizado en el marco del proyecto Centroam\u00e9rica en Red por los Derechos de la ni\u00f1ez, el cual tuvo por objetivo<span class=\"excerpt-hellip\"> [\u2026]<\/span><\/p>\n","protected":false},"author":1,"featured_media":1446,"comment_status":"open","ping_status":"open","sticky":false,"template":"","format":"standard","meta":{"_acf_changed":false,"footnotes":""},"categories":[19],"tags":[],"class_list":["post-1444","post","type-post","status-publish","format-standard","has-post-thumbnail","hentry","category-publicaciones"],"acf":[],"_links":{"self":[{"href":"https:\/\/tejiendoredesinfancia.org\/pt_br\/wp-json\/wp\/v2\/posts\/1444","targetHints":{"allow":["GET"]}}],"collection":[{"href":"https:\/\/tejiendoredesinfancia.org\/pt_br\/wp-json\/wp\/v2\/posts"}],"about":[{"href":"https:\/\/tejiendoredesinfancia.org\/pt_br\/wp-json\/wp\/v2\/types\/post"}],"author":[{"embeddable":true,"href":"https:\/\/tejiendoredesinfancia.org\/pt_br\/wp-json\/wp\/v2\/users\/1"}],"replies":[{"embeddable":true,"href":"https:\/\/tejiendoredesinfancia.org\/pt_br\/wp-json\/wp\/v2\/comments?post=1444"}],"version-history":[{"count":0,"href":"https:\/\/tejiendoredesinfancia.org\/pt_br\/wp-json\/wp\/v2\/posts\/1444\/revisions"}],"wp:featuredmedia":[{"embeddable":true,"href":"https:\/\/tejiendoredesinfancia.org\/pt_br\/wp-json\/wp\/v2\/media\/1446"}],"wp:attachment":[{"href":"https:\/\/tejiendoredesinfancia.org\/pt_br\/wp-json\/wp\/v2\/media?parent=1444"}],"wp:term":[{"taxonomy":"category","embeddable":true,"href":"https:\/\/tejiendoredesinfancia.org\/pt_br\/wp-json\/wp\/v2\/categories?post=1444"},{"taxonomy":"post_tag","embeddable":true,"href":"https:\/\/tejiendoredesinfancia.org\/pt_br\/wp-json\/wp\/v2\/tags?post=1444"}],"curies":[{"name":"wp","href":"https:\/\/api.w.org\/{rel}","templated":true}]}}