{"id":1759,"date":"2017-03-24T08:10:00","date_gmt":"2017-03-24T14:10:00","guid":{"rendered":"https:\/\/tejiendoredesinfancia.org\/?p=1759"},"modified":"2021-10-01T20:15:49","modified_gmt":"2021-10-02T01:15:49","slug":"estados-en-america-latina-y-el-caribe-a-reconocer-el-gran-potencial-de-los-sistemas-nacionales-de-proteccion-integral-de-ninez","status":"publish","type":"post","link":"https:\/\/tejiendoredesinfancia.org\/pt_br\/sala-de-prensa\/estados-en-america-latina-y-el-caribe-a-reconocer-el-gran-potencial-de-los-sistemas-nacionales-de-proteccion-integral-de-ninez\/","title":{"rendered":"Estados da Am\u00e9rica Latina e do Caribe devem reconhecer o grande potencial dos Sistemas Nacionais de Prote\u00e7\u00e3o Integral \u00e0 Crian\u00e7a"},"content":{"rendered":"<ul class=\"wp-block-list\"><li><strong>\u00c9 fundamental que os Estados assumam a responsabilidade de zelar para que os Sistemas Nacionais de Prote\u00e7\u00e3o Integral aos Direitos da Crian\u00e7a e do Adolescente garantam verdadeiramente os direitos da crian\u00e7a e do adolescente.<\/strong><\/li><li><strong>O bom funcionamento desses Sistemas poderia prevenir os grandes males que afetam meninas, meninos e adolescentes da regi\u00e3o.<\/strong><\/li><\/ul>\n\n\n\n<p class=\"has-drop-cap\">Representantes das Coaliz\u00f5es de&nbsp;<strong>@REDLAMYC Rede Latino-americana e Caribenha de defesa dos direitos de meninas, meninos e adolescentes<\/strong>&nbsp;Participaram do F\u00f3rum Interamericano de Sistemas Nacionais para a Prote\u00e7\u00e3o Integral de Crian\u00e7as e Adolescentes (SIPINNAS), onde se manteve um rico di\u00e1logo entre autoridades da Am\u00e9rica Latina, Caribe e Estados Unidos. Concordaram com a falta de vontade pol\u00edtica das altas autoridades, o escasso investimento p\u00fablico e a exist\u00eancia de culturas institucionais que impedem a coordena\u00e7\u00e3o.<\/p>\n\n\n\n<p>Exortaram os Estados da regi\u00e3o a elevar os mecanismos de coordena\u00e7\u00e3o intergovernamental ao mais alto n\u00edvel de decis\u00e3o, para aprender com as estrat\u00e9gias exitosas de outros pa\u00edses que conseguiram um funcionamento adequado dos Sistemas Nacionais de atendimento \u00e0 inf\u00e2ncia.<\/p>\n\n\n\n<p>Os representantes dos 15 governos e das Coaliz\u00f5es Latino-Americanas concordaram sobre a import\u00e2ncia estrat\u00e9gica de garantir uma maior participa\u00e7\u00e3o cidad\u00e3 de meninas, meninos, adolescentes e organiza\u00e7\u00f5es sociais especializadas, motivo pelo qual instaram a incorporar a participa\u00e7\u00e3o da sociedade em seus regulamentos. elemento para a sustentabilidade.<\/p>\n\n\n\n<p>Durante a reuni\u00e3o realizada nos dias 24, 25 e 26 de abril na Cidade do M\u00e9xico, os membros de @REDLAMYC destacaram que esta \u00e9 uma das regi\u00f5es com mais pobreza, exclus\u00e3o, desigualdade e viol\u00eancia generalizada; onde meninas, meninos e adolescentes s\u00e3o os mais castigados por m\u00faltiplos e complexos problemas que exigem um estado de direito que responda com pol\u00edticas de Estado de longo prazo, que tenham continuidade para al\u00e9m das mudan\u00e7as institucionais e governamentais.<\/p>\n\n\n\n<p>Organiza\u00e7\u00f5es sociais especializadas destacaram que n\u00e3o h\u00e1 mais tempo para esperar, milh\u00f5es de meninas, meninos e adolescentes s\u00e3o v\u00edtimas de viol\u00eancia estrutural, viol\u00eancia armada generalizada e sofrem mais impacto da simula\u00e7\u00e3o pol\u00edtica, corrup\u00e7\u00e3o e impunidade que ao mesmo tempo s\u00e3o v\u00edtimas da falta de Sistemas de Prote\u00e7\u00e3o, que, se funcionarem adequadamente, podem evitar que meninas e meninos vivam constantes viola\u00e7\u00f5es de seus direitos.<\/p>\n\n\n\n<p>Nesse quadro, acordaram que a tarefa atual dos Estados \u00e9 passar do &quot;dito ao fato&quot;, para cumprir integralmente as leis e regulamentos criados sobre os Sistemas Nacionais de Prote\u00e7\u00e3o Integral, reconhecendo que esta mudan\u00e7a institucional n\u00e3o vir\u00e1 apenas de boa vontade e esfor\u00e7os pessoais, mas deve contar com a participa\u00e7\u00e3o da sociedade civil e das pr\u00f3prias meninas, meninos e adolescentes.<\/p>\n\n\n\n<p>Identificaram-se coincid\u00eancias nos desafios nacionais e regionais, particularmente na baixa promo\u00e7\u00e3o dos direitos humanos das crian\u00e7as, na profunda cultura centrada no adulto e na considera\u00e7\u00e3o de meninas e meninos como propriedade da fam\u00edlia. Bem como a urg\u00eancia de abordar a mobilidade humana com medidas especiais de prote\u00e7\u00e3o, o tr\u00e1fico para fins de explora\u00e7\u00e3o sexual e a preven\u00e7\u00e3o da criminaliza\u00e7\u00e3o de crian\u00e7as trabalhadoras, entre outros. Foi destacada a oportunidade de construir um mecanismo SIPINNAS transnacional para enfrentar a crise humanit\u00e1ria de crian\u00e7as migrantes, que reduziria as viola\u00e7\u00f5es de direitos humanos e garantiria sua prote\u00e7\u00e3o e o melhor interesse das crian\u00e7as nas a\u00e7\u00f5es da autoridade.<\/p>\n\n\n\n<p>Durante o F\u00f3rum Interamericano de SIPINNAs, foi realizado um minuto de sil\u00eancio pelo feminic\u00eddio de 41 meninas e adolescentes queimados dentro do &#039;Lar Seguro&#039;, convocando o Estado da Guatemala a garantir o acesso \u00e0 justi\u00e7a e \u00e0 veracidade desses fatos, entre outros associados \u00e0 viol\u00eancia contra crian\u00e7as naquele pa\u00eds.<\/p>\n\n\n\n<p>Desde a&nbsp;<strong>REDLAMYC<\/strong>&nbsp;Estiveram presentes representantes do Chile, Equador, El Salvador, Guatemala, Honduras, M\u00e9xico, Paraguai, Uruguai e Venezuela, al\u00e9m de especialistas internacionais em direitos humanos e da inf\u00e2ncia, como Jorge Cardona, especialista independente do Comit\u00ea dos Direitos da Crian\u00e7a; Esmeralda Arosemena, Relatora sobre Inf\u00e2ncia da Comiss\u00e3o Interamericana de Direitos Humanos (CIDH), Rosa Mar\u00eda Ortiz, ex-Comiss\u00e1ria da CIDH, e Alejandro Morlachetti, perito internacional em direitos da inf\u00e2ncia.<\/p>\n\n\n\n<p>Contato para a m\u00eddia: Ver\u00f3nica Morales, Diretora Regional de Comunica\u00e7\u00e3o <a href=\"https:\/\/tejiendoredesinfancia.org\/pt_br\/\" target=\"_blank\" rel=\"noreferrer noopener\">#Weaving NetworksChildhood<\/a><\/p>","protected":false},"excerpt":{"rendered":"<p>Es indispensable que los Estados asuman la responsabilidad de lograr que los Sistemas Nacionales de Protecci\u00f3n Integral de Derechos de Ni\u00f1as, Ni\u00f1os y Adolescentes garanticen realmente<span class=\"excerpt-hellip\"> [\u2026]<\/span><\/p>\n","protected":false},"author":1,"featured_media":1760,"comment_status":"open","ping_status":"open","sticky":false,"template":"","format":"standard","meta":{"_acf_changed":false,"footnotes":""},"categories":[18],"tags":[20,24,22,21,42],"class_list":["post-1759","post","type-post","status-publish","format-standard","has-post-thumbnail","hentry","category-sala-de-prensa","tag-tejiendoredesinfancia","tag-derechos-por-la-ninez-y-la-infancia","tag-infancialatina-org","tag-ollin-tv","tag-sipinnas"],"acf":[],"_links":{"self":[{"href":"https:\/\/tejiendoredesinfancia.org\/pt_br\/wp-json\/wp\/v2\/posts\/1759","targetHints":{"allow":["GET"]}}],"collection":[{"href":"https:\/\/tejiendoredesinfancia.org\/pt_br\/wp-json\/wp\/v2\/posts"}],"about":[{"href":"https:\/\/tejiendoredesinfancia.org\/pt_br\/wp-json\/wp\/v2\/types\/post"}],"author":[{"embeddable":true,"href":"https:\/\/tejiendoredesinfancia.org\/pt_br\/wp-json\/wp\/v2\/users\/1"}],"replies":[{"embeddable":true,"href":"https:\/\/tejiendoredesinfancia.org\/pt_br\/wp-json\/wp\/v2\/comments?post=1759"}],"version-history":[{"count":0,"href":"https:\/\/tejiendoredesinfancia.org\/pt_br\/wp-json\/wp\/v2\/posts\/1759\/revisions"}],"wp:featuredmedia":[{"embeddable":true,"href":"https:\/\/tejiendoredesinfancia.org\/pt_br\/wp-json\/wp\/v2\/media\/1760"}],"wp:attachment":[{"href":"https:\/\/tejiendoredesinfancia.org\/pt_br\/wp-json\/wp\/v2\/media?parent=1759"}],"wp:term":[{"taxonomy":"category","embeddable":true,"href":"https:\/\/tejiendoredesinfancia.org\/pt_br\/wp-json\/wp\/v2\/categories?post=1759"},{"taxonomy":"post_tag","embeddable":true,"href":"https:\/\/tejiendoredesinfancia.org\/pt_br\/wp-json\/wp\/v2\/tags?post=1759"}],"curies":[{"name":"wp","href":"https:\/\/api.w.org\/{rel}","templated":true}]}}