{"id":1806,"date":"2020-12-07T14:26:00","date_gmt":"2020-12-07T20:26:00","guid":{"rendered":"https:\/\/tejiendoredesinfancia.org\/?p=1806"},"modified":"2021-12-07T14:30:13","modified_gmt":"2021-12-07T20:30:13","slug":"violencia-abuso-y-maltrato-contra-ninos-ninas-y-adolescentes","status":"publish","type":"post","link":"https:\/\/tejiendoredesinfancia.org\/pt_br\/publicaciones\/violencia-abuso-y-maltrato-contra-ninos-ninas-y-adolescentes\/","title":{"rendered":"Violencia, abuso y maltrato contra ni\u00f1os, ni\u00f1as y adolescentes"},"content":{"rendered":"<p>Informaci\u00f3n para una comunicaci\u00f3n respetuosa<\/p>\n\n\n\n<p class=\"has-drop-cap\">Las organizaciones sociales tenemos un rol fundamental como fuente de consulta para medios y comunicadores en temas que afectan a los ni\u00f1os, ni\u00f1as y adolescentes, alentando la visibilidad de esas tem\u00e1ticas. Para eso, es importante que podamos producir y\/o acercar a periodistas y medios informaci\u00f3n s\u00f3lida, clara, amigable y fuentes confiables que favorezcan el desarrollo de coberturas respetuosas de los derechos de las infancias y adolescencias.<\/p>\n\n\n\n            <div \n                class=\"elfsight-widget-pdf-embed elfsight-widget\" \n                data-elfsight-pdf-embed-options=\"%7B%22files%22%3A%5B%7B%22link%22%3A%22https%3A%5C%2F%5C%2Ftejiendoredesinfancia.org%5C%2Fwp-content%5C%2Fuploads%5C%2F2021%5C%2F12%5C%2FVIOLENCIA.pdf%22%2C%22name%22%3A%22%22%2C%22previewImage%22%3Anull%7D%5D%2C%22widgetTitle%22%3A%22%22%2C%22layout%22%3A%22viewer%22%2C%22showIcon%22%3Atrue%2C%22icon%22%3A%22icon-3%22%2C%22previewImageSize%22%3A30%2C%22showDownloadLink%22%3Atrue%2C%22downloadLinkText%22%3A%22Descargar%22%2C%22width%22%3A%22100%25%22%2C%22heightFactor%22%3A0.90000000000000002220446049250313080847263336181640625%2C%22iconColor%22%3A%22rgb%28222%2C%2043%2C%2051%29%22%2C%22nameColor%22%3A%22rgb%2817%2C%2017%2C%2017%29%22%2C%22downloadColor%22%3A%22rgb%2828%2C%20145%2C%20255%29%22%2C%22backgroundColor%22%3Anull%2C%22fileBackgroundColor%22%3Anull%2C%22widgetTitleColor%22%3A%22rgb%2817%2C%2017%2C%2017%29%22%2C%22nameFontSize%22%3A15%2C%22downloadFontSize%22%3A13%2C%22widgetTitleFontSize%22%3A20%2C%22widgetId%22%3A%2218%22%7D\" \n                data-elfsight-pdf-embed-version=\"1.1.1\"\n                data-elfsight-widget-id=\"elfsight-pdf-embed-18\">\n            <\/div>","protected":false},"excerpt":{"rendered":"<p>Informaci\u00f3n para una comunicaci\u00f3n respetuosa Las organizaciones sociales tenemos un rol fundamental como fuente de consulta para medios y comunicadores en temas que afectan a los<span class=\"excerpt-hellip\"> [\u2026]<\/span><\/p>\n","protected":false},"author":1,"featured_media":1805,"comment_status":"open","ping_status":"open","sticky":false,"template":"","format":"standard","meta":{"_acf_changed":false,"footnotes":""},"categories":[19],"tags":[20,24,54,66],"class_list":["post-1806","post","type-post","status-publish","format-standard","has-post-thumbnail","hentry","category-publicaciones","tag-tejiendoredesinfancia","tag-derechos-por-la-ninez-y-la-infancia","tag-politicas-publicas","tag-violencia-y-maltrato"],"acf":[],"_links":{"self":[{"href":"https:\/\/tejiendoredesinfancia.org\/pt_br\/wp-json\/wp\/v2\/posts\/1806","targetHints":{"allow":["GET"]}}],"collection":[{"href":"https:\/\/tejiendoredesinfancia.org\/pt_br\/wp-json\/wp\/v2\/posts"}],"about":[{"href":"https:\/\/tejiendoredesinfancia.org\/pt_br\/wp-json\/wp\/v2\/types\/post"}],"author":[{"embeddable":true,"href":"https:\/\/tejiendoredesinfancia.org\/pt_br\/wp-json\/wp\/v2\/users\/1"}],"replies":[{"embeddable":true,"href":"https:\/\/tejiendoredesinfancia.org\/pt_br\/wp-json\/wp\/v2\/comments?post=1806"}],"version-history":[{"count":0,"href":"https:\/\/tejiendoredesinfancia.org\/pt_br\/wp-json\/wp\/v2\/posts\/1806\/revisions"}],"wp:featuredmedia":[{"embeddable":true,"href":"https:\/\/tejiendoredesinfancia.org\/pt_br\/wp-json\/wp\/v2\/media\/1805"}],"wp:attachment":[{"href":"https:\/\/tejiendoredesinfancia.org\/pt_br\/wp-json\/wp\/v2\/media?parent=1806"}],"wp:term":[{"taxonomy":"category","embeddable":true,"href":"https:\/\/tejiendoredesinfancia.org\/pt_br\/wp-json\/wp\/v2\/categories?post=1806"},{"taxonomy":"post_tag","embeddable":true,"href":"https:\/\/tejiendoredesinfancia.org\/pt_br\/wp-json\/wp\/v2\/tags?post=1806"}],"curies":[{"name":"wp","href":"https:\/\/api.w.org\/{rel}","templated":true}]}}