{"id":2043,"date":"2023-11-15T12:14:31","date_gmt":"2023-11-15T18:14:31","guid":{"rendered":"https:\/\/tejiendoredesinfancia.org\/?p=2043"},"modified":"2026-02-10T14:55:43","modified_gmt":"2026-02-10T20:55:43","slug":"aviso-de-privacidad","status":"publish","type":"post","link":"https:\/\/tejiendoredesinfancia.org\/pt_br\/uncategorized\/aviso-de-privacidad\/","title":{"rendered":"Aviso de privacidad"},"content":{"rendered":"<p><strong>Tejiendo Redes Infancia en Am\u00e9rica Latina y el Caribe A.C.<\/strong> tiene su domicilio en&nbsp;Av. M\u00e9xico Coyoac\u00e1n N\u00fam. 350 Col. General Anaya C.P. 03340, Ciudad de M\u00e9xico&nbsp;y ser\u00e1 responsable del uso y protecci\u00f3n de sus datos personales como lo dicta la Ley&nbsp;Federal de&nbsp;Protecci\u00f3n de Datos&nbsp;Personales vigente en M\u00e9xico.<\/p>\n\n\n\n<p>Informamos que tem o direito de saber quais os dados pessoais que temos sobre si, para que os utilizamos e as condi\u00e7\u00f5es da sua utiliza\u00e7\u00e3o. Da mesma forma, \u00e9 seu direito solicitar a corre\u00e7\u00e3o das informa\u00e7\u00f5es se estiverem desatualizadas, inexatas ou incompletas; que o removemos de nossos registros ou bancos de dados quando julgar necess\u00e1rio ou acreditar que n\u00e3o \u00e9 usado de acordo com os regulamentos ou nos opomos ao seu uso para fins espec\u00edficos. O titular pode exercer o seu direito de acesso, retifica\u00e7\u00e3o, cancelamento ou oposi\u00e7\u00e3o (ARCO) nos termos previstos na lei. Os dados pessoais que coletamos ser\u00e3o usados para fornecer informa\u00e7\u00f5es e servi\u00e7os de publicidade que oferecemos, bem como para atividades relacionadas ou semelhantes. Al\u00e9m disso, usaremos suas informa\u00e7\u00f5es para lhe fornecer um servi\u00e7o melhor, convidando-o a participar de pesquisas e enquetes que nos ajudem a gerar conte\u00fado de maior interesse e a coletar sugest\u00f5es para orientar e selecionar os an\u00fancios de interesse.<\/p>\n\n\n\n<p>Para cumprir os objetivos descritos neste Aviso de Privacidade, usaremos seu e-mail para permitir seus coment\u00e1rios como um leitor em nosso site. Por outro lado, se for empreiteiro de espa\u00e7os publicit\u00e1rios do nosso site, utilizaremos dados como nome, identifica\u00e7\u00e3o e contacto, entre outros. Nenhum deles ser\u00e1 compartilhado com entidades p\u00fablicas ou privadas, dentro ou fora do pa\u00eds.<\/p>\n\n\n\n<p>Caso n\u00e3o queira que seus dados pessoais sejam processados para os fins descritos acima, voc\u00ea pode enviar uma solicita\u00e7\u00e3o por e-mail para:&nbsp;<strong><a href=\"mailto:comunicacion@tejiendoredesinfancia.org\" target=\"_blank\" rel=\"noreferrer noopener\">comunicacion@tejiendoredesinfancia.org<\/a><\/strong><\/p>\n\n\n\n<p>A recusa em usar seus dados pessoais n\u00e3o afeta os servi\u00e7os de informa\u00e7\u00e3o que podemos oferecer a voc\u00ea como leitor. No entanto, se voc\u00ea for um prestador de servi\u00e7os conosco, a revoga\u00e7\u00e3o do seu consentimento para o uso de dados pessoais implicar\u00e1 que n\u00e3o podemos fornecer o servi\u00e7o solicitado, pois \u00e9 poss\u00edvel que, por obriga\u00e7\u00e3o legal, exijamos o uso de seus dados pessoais. Al\u00e9m disso, \u00e9 importante que voc\u00ea tenha em mente que \u00e9 poss\u00edvel que em todos os casos n\u00e3o possamos responder \u00e0s solicita\u00e7\u00f5es imediatamente; no entanto, faremos o acompanhamento em breve. Para que voc\u00ea limite o uso e divulga\u00e7\u00e3o de suas informa\u00e7\u00f5es pessoais, de forma que seus dados pessoais n\u00e3o sejam utilizados para receber publicidade ou promo\u00e7\u00f5es de empresas de bens ou servi\u00e7os, sugerimos que voc\u00ea se cadastre no Registro P\u00fablico para Evitar Publicidade (REPEP), respons\u00e1vel pelo Minist\u00e9rio P\u00fablico Federal do Consumidor. Para obter mais informa\u00e7\u00f5es sobre este registro, voc\u00ea pode consultar&nbsp;<strong><em><a href=\"https:\/\/repep.profeco.gob.mx\/\" target=\"_blank\" rel=\"noreferrer noopener\">aqui<\/a><\/em><\/strong>&nbsp;no portal PROFECO, ou entre em contato direto com a ag\u00eancia. Este Aviso de Privacidade pode sofrer modifica\u00e7\u00f5es ou atualiza\u00e7\u00f5es derivadas da Lei atual; de nossas necessidades para os produtos ou servi\u00e7os que oferecemos; de nossas pr\u00e1ticas de privacidade; Mudan\u00e7as em nosso modelo de neg\u00f3cios ou outras causas. Prometemos mant\u00ea-lo informado sobre os ajustes que este Aviso de Privacidade possa sofrer por meio de avisos e notifica\u00e7\u00f5es relevantes em nosso site.<\/p>\n\n\n\n<h2 class=\"wp-block-heading\" id=\"h-pol-tica-para-uso-de-cookies\"><strong>POL\u00cdTICA DE USO DE COOKIES<\/strong><\/h2>\n\n\n\n<p>Utilizamos cookies pr\u00f3prios e de terceiros para melhorar os nossos servi\u00e7os e mostrar-lhe informa\u00e7\u00f5es relacionadas com as suas prefer\u00eancias, analisando os seus h\u00e1bitos de navega\u00e7\u00e3o. Se voc\u00ea continuar a navegar, considere aceitar seu uso. Voc\u00ea pode alterar as configura\u00e7\u00f5es ou obter mais informa\u00e7\u00f5es&nbsp;<a href=\"https:\/\/support.google.com\/accounts\/answer\/61416?co=GENIE.Platform%3DDesktop&amp;hl=es\" target=\"_blank\" rel=\"noreferrer noopener\">aqui<\/a>&nbsp;Ou v\u00e1 at\u00e9 o final deste post para ver a configura\u00e7\u00e3o dependendo do seu navegador.<\/p>\n\n\n\n<h3 class=\"wp-block-heading\"><strong>O que s\u00e3o cookies?<\/strong><\/h3>\n\n\n\n<p>Um cookie \u00e9 um arquivo que \u00e9 baixado para o seu computador quando voc\u00ea acessa certas p\u00e1ginas da web. Os cookies permitem que uma p\u00e1gina da web, entre outras coisas, armazene e recupere informa\u00e7\u00f5es sobre os h\u00e1bitos de navega\u00e7\u00e3o de um usu\u00e1rio, nome de usu\u00e1rio, informa\u00e7\u00f5es de registro, prefer\u00eancias do usu\u00e1rio, seu idioma preferido e outras op\u00e7\u00f5es, o que pode facilitar sua pr\u00f3xima visita e tornar o site mais \u00fatil para voc\u00eas.<\/p>\n\n\n\n<p>Os cookies armazenam informa\u00e7\u00f5es sobre voc\u00ea, mas n\u00e3o os espiam, como o spyware. Se voc\u00ea tem um cookie de um site que acessa com frequ\u00eancia, o cookie lembra coisas que far\u00e3o sua pr\u00f3xima visita a essa p\u00e1gina um pouco mais f\u00e1cil e at\u00e9 mesmo far\u00e3o com que as p\u00e1ginas carreguem um pouco mais r\u00e1pido.<\/p>\n\n\n\n<h3 class=\"wp-block-heading\"><strong>Que tipos de cookies este site usa?<\/strong><\/h3>\n\n\n\n<p>Este site \u00e9 propriedade de<strong>  Tejiendo Redes Infancia en Am\u00e9rica Latina y el Caribe<\/strong> <strong>A.C.<\/strong>\u00a0usa cookies, pixels ou outros dispositivos de armazenamento e recupera\u00e7\u00e3o de informa\u00e7\u00f5es para rastrear as intera\u00e7\u00f5es do usu\u00e1rio com o site e melhorar a experi\u00eancia do usu\u00e1rio.<\/p>\n\n\n\n<p><strong>Cookies de an\u00e1lise:<\/strong>&nbsp;S\u00e3o aqueles que bem tratados por n\u00f3s ou por terceiros, permitem-nos quantificar o n\u00famero de utilizadores e assim efectuar a medi\u00e7\u00e3o estat\u00edstica e a an\u00e1lise da utiliza\u00e7\u00e3o que os utilizadores fazem do servi\u00e7o oferecido. Para isso, \u00e9 analisada a sua navega\u00e7\u00e3o no nosso site, de forma a melhorar a oferta dos produtos ou servi\u00e7os que lhe oferecemos.<\/p>\n\n\n\n<p><strong>Cookies de publicidade:<\/strong>&nbsp;S\u00e3o aqueles que, bem tratados por n\u00f3s ou por terceiros, nos permitem gerir da forma mais eficiente poss\u00edvel a oferta dos espa\u00e7os publicit\u00e1rios que se encontram no site, adaptando o conte\u00fado do an\u00fancio ao conte\u00fado do servi\u00e7o solicitado ou ao uso que fazemos do nosso site. Para isso podemos analisar os seus h\u00e1bitos de navega\u00e7\u00e3o na Internet e mostrar-lhe publicidade relacionada com o seu perfil de navega\u00e7\u00e3o.<\/p>\n\n\n\n<h3 class=\"wp-block-heading\"><strong>Como desabilitar os cookies?<\/strong><\/h3>\n\n\n\n<p>A maioria dos navegadores da web permite que voc\u00ea gerencie as prefer\u00eancias de cookies para ter um controle mais preciso sobre a privacidade. Os links a seguir mostram as instru\u00e7\u00f5es para desativar a configura\u00e7\u00e3o de cookies em cada navegador:<\/p>\n\n\n\n<h4 class=\"wp-block-heading\"><strong>Internet Explorer (<a href=\"http:\/\/shorturl.at\/uIMN5\" target=\"_blank\" rel=\"noreferrer noopener\">shorturl.at\/uIMN5<\/a>)<\/strong><\/h4>\n\n\n\n<ul class=\"wp-block-list\">\n<li>Abra o Microsoft Edge e selecione&nbsp;<strong>Configura\u00e7\u00f5es e mais&nbsp;<\/strong>&nbsp;&gt;&nbsp;<strong>Contexto<\/strong>&nbsp;&nbsp;&gt;&nbsp;<strong>Privacidade, pesquisa e servi\u00e7os<\/strong>.<\/li>\n\n\n\n<li>Em&nbsp;<strong>Limpar dados de navega\u00e7\u00e3o<\/strong>, Escolher&nbsp;<strong>Escolha o que apagar<\/strong>.<\/li>\n\n\n\n<li>Em&nbsp;<strong>Intervalo de tempo<\/strong>, escolha um intervalo de tempo. Escolher&nbsp;<strong>Cookies e outros dados do site<\/strong>&nbsp;e logo&nbsp;<strong>Apague agora<\/strong>.<\/li>\n<\/ul>\n\n\n\n<h4 class=\"wp-block-heading\"><strong>Mozilla Firefox (<a href=\"http:\/\/shorturl.at\/bfpEX\" target=\"_blank\" rel=\"noreferrer noopener\">shorturl.at\/bfpEX<\/a>)<\/strong><\/h4>\n\n\n\n<ul class=\"wp-block-list\">\n<li>Na parte superior da janela do Firefox, clique no menu Ferramentas.<\/li>\n\n\n\n<li>Selecione as op\u00e7\u00f5es.<\/li>\n\n\n\n<li>Selecione o painel Privacidade.<\/li>\n\n\n\n<li>Na op\u00e7\u00e3o Firefox, voc\u00ea pode escolher Usar uma configura\u00e7\u00e3o personalizada para o hist\u00f3rico para configurar as op\u00e7\u00f5es.<\/li>\n<\/ul>\n\n\n\n<h4 class=\"wp-block-heading\"><strong>Google Chrome (<a href=\"http:\/\/shorturl.at\/emnpL\" target=\"_blank\" rel=\"noreferrer noopener\">shorturl.at\/emnpL<\/a>)<\/strong><\/h4>\n\n\n\n<ul class=\"wp-block-list\">\n<li>Clique no menu localizado na barra de ferramentas.<\/li>\n\n\n\n<li>Selecione Configura\u00e7\u00f5es.<\/li>\n\n\n\n<li>Clique em Mostrar op\u00e7\u00f5es avan\u00e7adas.<\/li>\n\n\n\n<li>Na se\u00e7\u00e3o &#039;Privacidade&#039;, clique no bot\u00e3o Configura\u00e7\u00f5es de conte\u00fado.<\/li>\n\n\n\n<li>Na se\u00e7\u00e3o &#039;Cookies&#039; voc\u00ea pode configurar as op\u00e7\u00f5es.<\/li>\n<\/ul>\n\n\n\n<h4 class=\"wp-block-heading\"><strong>Safari (<a href=\"http:\/\/shorturl.at\/MY139\" target=\"_blank\" rel=\"noreferrer noopener\">shorturl.at\/MY139<\/a>)&nbsp;&nbsp;<\/strong><\/h4>\n\n\n\n<ul class=\"wp-block-list\">\n<li>No menu de configura\u00e7\u00e3o, selecione a op\u00e7\u00e3o &quot;prefer\u00eancias&quot;.<\/li>\n\n\n\n<li>Abra a guia de privacidade.<\/li>\n\n\n\n<li>Selecione a op\u00e7\u00e3o desejada na se\u00e7\u00e3o &quot;bloquear cookies&quot;.<\/li>\n<\/ul>\n\n\n\n<p>Lembre-se de que certas fun\u00e7\u00f5es e todas as funcionalidades do Site podem n\u00e3o estar dispon\u00edveis ap\u00f3s a desativa\u00e7\u00e3o dos cookies.<\/p>\n\n\n\n<p><strong>Se voc\u00ea n\u00e3o quiser ser rastreado por cookies,<\/strong>&nbsp;O Google desenvolveu um plug-in para instalar em seu navegador que voc\u00ea pode acessar no seguinte link:&nbsp;<a href=\"http:\/\/goo.gl\/up4ND\" target=\"_blank\" rel=\"noreferrer noopener\">http:\/\/goo.gl\/up4ND<\/a><\/p>\n\n\n\n<p>Com base na op\u00e7\u00e3o que voc\u00ea faz sobre o uso de cookies no site, um cookie adicional ser\u00e1 enviado a voc\u00ea para salvaguardar sua escolha e que voc\u00ea n\u00e3o precisa aceitar o uso de cookies cada vez que acessar o site de propriedade de<strong>  Tejiendo Redes Infancia en Am\u00e9rica Latina y el Caribe<\/strong> <strong>A.C.<\/strong><\/p>\n\n\n\n<p>Observe que, se voc\u00ea optar por bloquear os cookies, isso pode afetar o funcionamento do site.<\/p>\n\n\n\n<h3 class=\"wp-block-heading\"><strong>COOKIES EM DISPOSITIVOS M\u00d3VEIS<\/strong><\/h3>\n\n\n\n<p>O site tamb\u00e9m pode usar cookies ou outros dispositivos de armazenamento em dispositivos m\u00f3veis. Nesse caso, como acontece em navegadores de computador, os navegadores de dispositivos m\u00f3veis permitem que voc\u00ea defina op\u00e7\u00f5es de privacidade ou configura\u00e7\u00f5es para desativar ou excluir cookies.<\/p>\n\n\n\n<p>Se voc\u00ea deseja modificar as op\u00e7\u00f5es de privacidade, siga as instru\u00e7\u00f5es especificadas pelo desenvolvedor do navegador do seu dispositivo m\u00f3vel.<\/p>\n\n\n\n<p>Da mesma forma, abaixo voc\u00ea pode encontrar alguns exemplos de links que ir\u00e3o gui\u00e1-lo para modificar as op\u00e7\u00f5es de privacidade em seu dispositivo m\u00f3vel:<\/p>\n\n\n\n<ul class=\"wp-block-list\">\n<li>IOS: (<a href=\"http:\/\/shorturl.at\/gsKO6\" target=\"_blank\" rel=\"noreferrer noopener\">shorturl.at\/gsKO6<\/a>)<\/li>\n\n\n\n<li>Chrome Mobile: (<a href=\"http:\/\/shorturl.at\/fswN0\" target=\"_blank\" rel=\"noreferrer noopener\">shorturl.at\/fswN0<\/a>)<\/li>\n\n\n\n<li>Opera Mobile: (<a href=\"http:\/\/shorturl.at\/uvAN0\" target=\"_blank\" rel=\"noreferrer noopener\">shorturl.at\/uvAN0<\/a>)<\/li>\n<\/ul>\n\n\n\n<h3 class=\"wp-block-heading\"><strong>ACEITA\u00c7\u00c3O DE COOKIES:<\/strong><\/h3>\n\n\n\n<p>Notificamos que este site utiliza cookies ou outras tecnologias propriet\u00e1rias e de terceiros, atrav\u00e9s das quais \u00e9 poss\u00edvel monitorar seu comportamento como usu\u00e1rio da Internet; O objetivo \u00e9 proporcionar um melhor servi\u00e7o e experi\u00eancia do usu\u00e1rio na navega\u00e7\u00e3o em nosso site, bem como oferecer sugest\u00f5es de informa\u00e7\u00f5es relacionadas \u00e0s suas prefer\u00eancias. Alguns dos dados obtidos s\u00e3o os seguintes: tempo de navega\u00e7\u00e3o e tempo no nosso site, sec\u00e7\u00f5es consultadas, etc. Da mesma forma, informamos que esses dados podem ser compartilhados com empresas, organiza\u00e7\u00f5es ou institui\u00e7\u00f5es que n\u00e3o n\u00f3s, para enviar a voc\u00ea (como usu\u00e1rio) sugest\u00f5es de informa\u00e7\u00f5es.<\/p>\n\n\n\n<p>Se continuar a navegar, compreenderemos que aceita a utiliza\u00e7\u00e3o de cookies pelo site. Informamos que em caso de bloqueio ou n\u00e3o aceita\u00e7\u00e3o da instala\u00e7\u00e3o de cookies, \u00e9 poss\u00edvel que determinados servi\u00e7os n\u00e3o sejam disponibilizados sem a sua utiliza\u00e7\u00e3o ou que n\u00e3o consiga aceder a determinados servi\u00e7os ou tirar o m\u00e1ximo partido de tudo o que este site oferece a voc\u00ea.<\/p>","protected":false},"excerpt":{"rendered":"<p>Tejiendo Redes Infancia en Am\u00e9rica Latina y el Caribe A.C. tiene su domicilio en&nbsp;Av. M\u00e9xico Coyoac\u00e1n N\u00fam. 350 Col. General Anaya C.P. 03340, Ciudad de M\u00e9xico&nbsp;y<span class=\"excerpt-hellip\"> [\u2026]<\/span><\/p>\n","protected":false},"author":1,"featured_media":0,"comment_status":"open","ping_status":"closed","sticky":false,"template":"","format":"standard","meta":{"_acf_changed":false,"footnotes":""},"categories":[1],"tags":[],"class_list":["post-2043","post","type-post","status-publish","format-standard","hentry","category-uncategorized"],"acf":[],"_links":{"self":[{"href":"https:\/\/tejiendoredesinfancia.org\/pt_br\/wp-json\/wp\/v2\/posts\/2043","targetHints":{"allow":["GET"]}}],"collection":[{"href":"https:\/\/tejiendoredesinfancia.org\/pt_br\/wp-json\/wp\/v2\/posts"}],"about":[{"href":"https:\/\/tejiendoredesinfancia.org\/pt_br\/wp-json\/wp\/v2\/types\/post"}],"author":[{"embeddable":true,"href":"https:\/\/tejiendoredesinfancia.org\/pt_br\/wp-json\/wp\/v2\/users\/1"}],"replies":[{"embeddable":true,"href":"https:\/\/tejiendoredesinfancia.org\/pt_br\/wp-json\/wp\/v2\/comments?post=2043"}],"version-history":[{"count":5,"href":"https:\/\/tejiendoredesinfancia.org\/pt_br\/wp-json\/wp\/v2\/posts\/2043\/revisions"}],"predecessor-version":[{"id":4090,"href":"https:\/\/tejiendoredesinfancia.org\/pt_br\/wp-json\/wp\/v2\/posts\/2043\/revisions\/4090"}],"wp:attachment":[{"href":"https:\/\/tejiendoredesinfancia.org\/pt_br\/wp-json\/wp\/v2\/media?parent=2043"}],"wp:term":[{"taxonomy":"category","embeddable":true,"href":"https:\/\/tejiendoredesinfancia.org\/pt_br\/wp-json\/wp\/v2\/categories?post=2043"},{"taxonomy":"post_tag","embeddable":true,"href":"https:\/\/tejiendoredesinfancia.org\/pt_br\/wp-json\/wp\/v2\/tags?post=2043"}],"curies":[{"name":"wp","href":"https:\/\/api.w.org\/{rel}","templated":true}]}}