{"id":2073,"date":"2023-11-15T15:40:06","date_gmt":"2023-11-15T21:40:06","guid":{"rendered":"https:\/\/tejiendoredesinfancia.org\/?p=2073"},"modified":"2023-11-20T15:01:30","modified_gmt":"2023-11-20T21:01:30","slug":"rejoignez-la-campagne-21-jours-dactivisme-mondial-enconexionconlaninez-french","status":"publish","type":"post","link":"https:\/\/tejiendoredesinfancia.org\/pt_br\/campanas\/rejoignez-la-campagne-21-jours-dactivisme-mondial-enconexionconlaninez-french\/","title":{"rendered":"Campagne sur les r\u00e9seaux sociaux"},"content":{"rendered":"<p><\/p>\n\n\n\n<p class=\"has-medium-font-size\">\u00ab 21 jours d\u2019activisme global en lien avec les enfants \u00bb Du 20 novembre, anniversaire de la Convention relative aux droits de l&#8217;enfant &#8211; au 10 d\u00e9cembre, Journ\u00e9e des droits de l&#8217;homme.<\/p>\n\n\n\n<p><strong>Contexte<\/strong><br>En accord avec l&#8217;importance de maintenir les activit\u00e9s du Consortium pour l&#8217;autonomisation et la<br>participation des enfants et des jeunes (#CCYEP) dans le contexte de la comm\u00e9moration de deux<br>des trait\u00e9s internationaux les plus importants relatifs aux droits humains, nous pensons qu&#8217;il est<br>une bonne occasion de r\u00e9aliser une nouvelle synergie de nos actions pr\u00e9vues ou \u00e0 r\u00e9aliser au cours<br>de ces deux mois.<br>Le 10 d\u00e9cembre 2023 marque le 75\u00e8me anniversaire de la D\u00e9claration universelle des droits de<br>l&#8217;homme (DUDH). La DUDH a \u00e9t\u00e9 adopt\u00e9e par l&#8217;Assembl\u00e9e g\u00e9n\u00e9rale des Nations Unies en 1948 et<br>\u00e9tablit les droits et libert\u00e9s fondamentaux auxquels tous les \u00eatres humains ont droit, quel que soit<br>leur statut ou le lieu de leur naissance.<br>Le Haut-Commissariat des Nations Unies aux droits de l&#8217;homme a lanc\u00e9 une campagne de<br>sensibilisation sur la DUDH 75 afin de sensibiliser davantage \u00e0 l&#8217;universalit\u00e9 et \u00e0 l&#8217;indivisibilit\u00e9 des<br>droits de l&#8217;homme. Le secr\u00e9taire g\u00e9n\u00e9ral des Nations Unies, Ant\u00f3nio Guterres, a rappel\u00e9 que la<br>DUDH \u00e9tablit les droits \u00e0 la vie, \u00e0 la libert\u00e9 et \u00e0 la s\u00e9curit\u00e9, \u00e0 l&#8217;\u00e9galit\u00e9 devant la loi, \u00e0 la libert\u00e9<br>d&#8217;expression, \u00e0 demander l&#8217;asile, au travail, \u00e0 la sant\u00e9 et \u00e0 l&#8217;\u00e9ducation, entre autres. Malgr\u00e9 les<br>progr\u00e8s r\u00e9alis\u00e9s en mati\u00e8re de protection des droits humains au cours des 75 derni\u00e8res ann\u00e9es, la<br>DUDH continue d&#8217;\u00eatre attaqu\u00e9e et viol\u00e9e partout dans le monde. Le Haut-Commissaire des<br>Nations Unies aux droits de l&#8217;homme, Volker T\u00fcrk, a soulign\u00e9 que les garanties fondamentales sont<br>\u00ab le langage commun partag\u00e9 par toute l&#8217;humanit\u00e9 \u00bb et que actualiser l&#8217;engagement envers la<br>DUDH et toutes ses promesses, des libert\u00e9s individuelles aux droits \u00e9conomiques, ne peut \u00eatre<br>que positif pour nous tous.<br>Le 20 novembre prochain marquera le 34e anniversaire de la signature de la Convention relative<br>aux droits de l&#8217;enfant (CDE) en 1989 \u00e0 l&#8217;Assembl\u00e9e g\u00e9n\u00e9rale des Nations Unies. La CDE est le<br>premier trait\u00e9 international sp\u00e9cialis\u00e9 et obligatoire qui reconna\u00eet les droits humains de tous les<br>enfants et adolescents dans le monde. La Convention \u00e9tablit des droits dans ses 54 articles et<br>protocoles facultatifs, d\u00e9finissant les droits humains fondamentaux dont les enfants et les<br>adolescents doivent jouir.<br>La CDE \u00e9tablit que les \u00c9tats qui la ratifient doivent veiller \u00e0 ce que tous les mineurs de moins de 18<br>ans jouissent des droits qui y sont contenus sans distinction de race, de couleur, de langue, de<br>naissance ou de toute autre condition de l&#8217;enfant ou de ses parents. Ou leurs repr\u00e9sentants<br>l\u00e9gaux. La Convention, en tant que premi\u00e8re loi internationale relative aux droits des enfants, est<br>obligatoire pour les \u00c9tats signataires. La Convention a \u00e9t\u00e9 ratifi\u00e9e par 190 pays, \u00e0 l&#8217;exception des<br>\u00c9tats-Unis ; C&#8217;est essentiel pour la protection des droits des enfants dans le monde, mais il reste<br>beaucoup \u00e0 faire pour garantir que tous les enfants jouissent pleinement de leurs droits.<br>Bien qu\u2019il existe des trait\u00e9s internationaux qui reconnaissent les droits humains des enfants, la vie<br>de la plupart d\u2019entre eux ne change pas en raison de divers facteurs, parmi lesquels :<\/p>\n\n\n\n<ul class=\"wp-block-list\">\n<li><strong>R\u00e9sistance au changement culturel:<\/strong> De nombreux adultes et autorit\u00e9s ne sont pas conscients ou<br>s\u00b4opposent \u00e0 la reconnaissance des droits des enfants, ce qui peut conduire \u00e0 la violation de leurs<br>droits.<\/li>\n\n\n\n<li><strong>Discrimination structurelle: <\/strong>La culture centr\u00e9e sur les adultes consid\u00e8re tous les gar\u00e7ons et les<br>filles comme inf\u00e9rieurs, et plus s\u00e9rieusement ceux qui appartiennent \u00e0 des groupes vuln\u00e9rables,<\/li>\n<\/ul>\n\n\n\n<p>comme ceux qui vivent dans la pauvret\u00e9, ceux qui sont handicap\u00e9s ou ceux qui appartiennent \u00e0<br>des minorit\u00e9s ethniques et d&#8217;ascendance africaine, les emp\u00eachant d&#8217;acc\u00e9der \u00e0 vos droits.<\/p>\n\n\n\n<ul class=\"wp-block-list\">\n<li><strong>\u00c9checs de mise en \u0153uvre:<\/strong> Bien que les \u00c9tats aient ratifi\u00e9 les trait\u00e9s internationaux, ils ne les<br>mettent pas toujours en \u0153uvre efficacement dans leurs lois et politiques publiques.<\/li>\n\n\n\n<li><strong>Violence arm\u00e9e:<\/strong> les gar\u00e7ons et les filles vivant dans des zones de conflit arm\u00e9 sont<br>particuli\u00e8rement vuln\u00e9rables aux violations de leurs droits humains.<br>En reconnaissant que vaincre la culture centr\u00e9e sur l&#8217;adulte n\u00e9cessite une approche cr\u00e9ative et<br>informative qui permet une ouverture \u00e0 l&#8217;\u00e9coute, nous promouvrons le concept de dialogue<br>interg\u00e9n\u00e9rationnel \u00e0 travers de nouvelles connexions entre le monde des adultes et l&#8217;enfance ;<br>C&#8217;est-\u00e0-dire qu&#8217;au quotidien, il existe diff\u00e9rents sujets ou id\u00e9es pour \u00e9changer des connaissances,<br>partager des int\u00e9r\u00eats et mener des actions interg\u00e9n\u00e9rationnelles comme une opportunit\u00e9 pour<br>d\u00e9passer la culture centr\u00e9e sur les adultes :<br><strong>Liens issus d\u2019int\u00e9r\u00eats partag\u00e9s:<\/strong> L\u2019utilisation des technologies peut cr\u00e9er des liens entre l\u2019enfance<br>et la jeunesse et le monde des adultes. C\u2019est par exemple l\u2019occasion de promouvoir l\u2019utilisation<br>responsable de la technologie et la citoyennet\u00e9 num\u00e9rique.<br><strong>Liens entre probl\u00e8mes communs: <\/strong>Il existe des violations des droits des enfants, des jeunes et des<br>adultes, ayant des impacts diff\u00e9renci\u00e9s selon les g\u00e9n\u00e9rations. Par exemple : la s\u00e9curit\u00e9 num\u00e9rique,<br>la violence arm\u00e9e, la violence de genre et la discrimination raciste. En \u00e9tablissant ce lien, la<br>solidarit\u00e9 interg\u00e9n\u00e9rationnelle peut \u00eatre promue et le respect des droits des enfants et des jeunes.<br><strong>Liens issus d&#8217;actions partag\u00e9es:<\/strong> En reliant les probl\u00e8mes et les int\u00e9r\u00eats partag\u00e9s entre les<br>diff\u00e9rentes g\u00e9n\u00e9rations, il serait possible de lancer des appels \u00e0 l&#8217;action pour respecter la dignit\u00e9 et<br>promouvoir l&#8217;autonomie progressive des enfants et des jeunes.<\/li>\n<\/ul>\n\n\n\n<p><strong>Proposition de campagne sur les r\u00e9seaux sociaux \u2013 \u00ab 21 jours d\u2019activisme mondial en lien avec<br>les enfants \u00bb (20 novembre au 10 d\u00e9cembre 2023)<\/strong><br><strong>Objectif de la campagne&nbsp;:<\/strong><br>Am\u00e9liorer la reconnaissance des droits humains des enfants et des jeunes, en remettant en<br>question l&#8217;adultocentrisme et en encourageant l&#8217;ouverture pour promouvoir le dialogue<br>interg\u00e9n\u00e9rationnel \u00e0 travers de nouvelles connexions entre le monde des adultes et l&#8217;enfance.<br><strong>Objectifs sp\u00e9cifiques:<\/strong><\/p>\n\n\n\n<ol class=\"wp-block-list\">\n<li>Sensibiliser et promouvoir la r\u00e9flexion sur les probl\u00e8mes communs chez les filles, les<br>gar\u00e7ons, les jeunes et les adultes qui trouvent des solutions \u00e0 travers le dialogue<br>interg\u00e9n\u00e9rationnel.<\/li>\n\n\n\n<li>Lancer un appel \u00e0 l&#8217;action pour 21 jours d&#8217;activisme du 20 novembre au 10 d\u00e9cembre,<br>pour trouver les liens entre les droits humains des filles, des gar\u00e7ons, des jeunes et du<br>monde des adultes.<\/li>\n\n\n\n<li>Motiver les gens \u00e0 utiliser leur pouvoir d&#8217;adulte en faveur de la lutte pour les droits des<br>filles, des gar\u00e7ons et des jeunes contre la s\u00e9curit\u00e9 num\u00e9rique, la violence arm\u00e9e, la<br>violence de genre et la discrimination raciste.<br><br><strong>Public cible:<\/strong><\/li>\n<\/ol>\n\n\n\n<ul class=\"wp-block-list\">\n<li>Adultes, familles, \u00e9ducateurs, travailleurs sociaux, dirigeants communautaires, agents publics,<br>d\u00e9cideurs et organisations sociales.<br><br><strong>R\u00e9seaux sociaux des organisations du Consortium pour l&#8217;autonomisation et la participation des<br>enfants et des jeunes (#CCYEP):<\/strong><\/li>\n\n\n\n<li>Facebook : o\u00f9 des articles informatifs et des discussions de groupe seront partag\u00e9s.<\/li>\n\n\n\n<li>Instagram et TikTok : Pour partager du contenu visuel attractif et sensibiliser \u00e0 travers des stories<br>et des posts.<\/li>\n\n\n\n<li>Twitter&nbsp;: o\u00f9 la conversation sera conduite \u00e0 l&#8217;aide d\u00b4un hashtags et de la participation du public.<br><br><strong>Dynamique de participation:<\/strong><br>Nous invitons toutes les organisations du Consortium mondial \u00e0 se joindre aux 21 jours<br>d&#8217;activisme, du 20 novembre au 10 d\u00e9cembre, de plusieurs mani\u00e8res&nbsp;:<br>a) Rejoindre la campagne depuis leurs propres r\u00e9seaux sociaux, en diffusant les messages,<br>hashtags et graphiques g\u00e9n\u00e9raux et les axes th\u00e9matiques qui les int\u00e9ressent, pendant les<br>trois semaines de diffusion.<br>b) Partager dans un calendrier collectif leurs activit\u00e9s en pr\u00e9sentiel ou virtuelles (initiatives<br>d\u00e9j\u00e0 programm\u00e9es ou nouvelles) autour de la c\u00e9l\u00e9bration des 34 ans de la Convention<br>relative aux droits de l&#8217;enfant (CDE) et des 75 ans de la D\u00e9claration universelle des droits<br>de l\u2019homme (DUDH) \u00e0 travers des webinaires, des histoires, des ressources et des<br>t\u00e9moignages qui mettent en \u00e9vidence le lien entre les deux trait\u00e9s internationaux en<br>faveur des droits des filles, des gar\u00e7ons et des jeunes.<br>c) Mentionner la campagne mondiale avec ses organisations alli\u00e9es, partenaires financiers,<br>journalistes et autres voies de diffusion.<\/li>\n<\/ul>\n\n\n\n<p><strong>Nous r\u00e9aliserons trois \u00e9tapes de campagne avec des messages g\u00e9n\u00e9raux, qui seront compl\u00e9t\u00e9s<br>par quatre axes th\u00e9matiques:<\/strong><\/p>\n\n\n\n<p><br><strong>\u00c9tape 1 : Reconna\u00eetre vos droits (20 au 26 novembre)<\/strong><br>Nous commencerons la campagne en constatant l&#8217;\u00e9quivalence humaine de l&#8217;enfance avec les<br>adultes.<br>Quelques suggestions de messages (environ 250 caract\u00e8res)&nbsp;:<\/p>\n\n\n\n<ol class=\"wp-block-list\">\n<li>Il est temps de reconna\u00eetre les droits des enfants ! Ces droits ne sont pas moins importants<br>que les v\u00f4tres, ils sont fondamentaux pour un monde plus juste. Rejoignez-nous et agissez<br>pour faire reconna\u00eetre vos droits. #ReconnaissezVosDroits #CCYEP<\/li>\n\n\n\n<li>Les filles, les gar\u00e7ons et les jeunes m\u00e9ritent le respect et tous les droits ! Rejoignez notre<br>campagne pour reconna\u00eetre vos droits. #ReconnaissezVosDroits #CCYEP<\/li>\n\n\n\n<li>Leurs droits sont aussi importants que les v\u00f4tres. Reconnaissons-les ensemble ! ReconnaissezVosDroits #CCYEP<\/li>\n\n\n\n<li>Dans un monde juste, tous les droits comptent. Commen\u00e7ons par reconna\u00eetre ceux de<br>l&#8217;enfance. #ReconnaissezVosDroits #CCYEP<br><br><strong>\u00c9tape 2 : Ce ne sont pas des petits droits (27 novembre au 3 d\u00e9cembre)<\/strong><br>Dans la deuxi\u00e8me \u00e9tape de la campagne, nous lutterons contre la perception erron\u00e9e selon<br>laquelle les droits des enfants sont moins importants.<br>Quelques suggestions de messages (environ 250 caract\u00e8res)&nbsp;:<\/li>\n\n\n\n<li>Ce ne sont pas de petits droits, ils sont essentiels pour un monde \u00e9quitable ! Les filles, les<br>gar\u00e7ons et les jeunes sont des personnes qui ont leurs propres droits ! CeNeSontPasDesPetitsDroits #CCYEP<\/li>\n\n\n\n<li>Ne sous-estimons pas les droits des enfants ! Ils sont essentiels pour un monde plus<br>\u00e9quitable. #CeNeSontPasDesPetitsDroits #CCYEP<\/li>\n\n\n\n<li>Les droits des filles, des gar\u00e7ons et des jeunes sont fondamentaux. Ils ne sont pas petits, ils<br>sont puissants. #CeNeSontPasDesPetitsDroits #CCYEP<\/li>\n\n\n\n<li>Combattons les id\u00e9es fausses. Les droits des enfants sont aussi importants que ceux des<br>adultes. #CeNeSontPasDesPetitsDroits #CCYEP<br><br><strong>\u00c9tape 3 : En lien avec l&#8217;enfance (4 au 10 d\u00e9cembre)<\/strong><br>Dans la derni\u00e8re partie de notre campagne, nous encouragerons l&#8217;activisme pour identifier les<br>liens entre le monde adulte et les filles, les gar\u00e7ons et les jeunes en stimulant le dialogue<br>interg\u00e9n\u00e9rationnel.<br><br><strong>Quelques suggestions de messages (environ 250 caract\u00e8res)&nbsp;:<\/strong><br>1) \u00c9coutez la voix des filles, des gar\u00e7ons et des jeunes, vous serez surpris ! Ensemble,<br>construisons un monde o\u00f9 les droits de tous sont reconnus, quel que soit leur \u00e2ge. EnLienAvecL&#8217;Enfance #CCYEP<\/li>\n<\/ol>\n\n\n\n<p>2) \u00c9couter les nouvelles g\u00e9n\u00e9rations est le premier pas vers un monde \u00e9quitable. Rejoignez-<br>nous. #EnLienAvecL&#8217;Enfance #CCYEP<br>3) La voix des filles, des gar\u00e7ons et des jeunes compte ! Laissons de c\u00f4t\u00e9 le centrisme adulte. EnLienAvecL&#8217;Enfance #CCYEP<\/p>\n\n\n\n<p>4) Un monde sans adultecentrisme est un monde plus juste pour tous les \u00e2ges. \u00c9coutons et<br>reconnaissons les droits des enfants. #EnLienAvecL&#8217;Enfance #CCYEP<\/p>\n\n\n\n<figure class=\"wp-block-gallery has-nested-images columns-default is-cropped wp-block-gallery-1 is-layout-flex wp-block-gallery-is-layout-flex\">\n<figure class=\"wp-block-image size-large\"><img fetchpriority=\"high\" decoding=\"async\" width=\"786\" height=\"488\" data-id=\"2079\" src=\"https:\/\/tejiendoredesinfancia.org\/wp-content\/uploads\/2023\/11\/Captura-de-Pantalla-2023-11-16-a-las-11.52.50.png\" alt=\"\" class=\"wp-image-2079\" srcset=\"https:\/\/tejiendoredesinfancia.org\/wp-content\/uploads\/2023\/11\/Captura-de-Pantalla-2023-11-16-a-las-11.52.50.png 786w, https:\/\/tejiendoredesinfancia.org\/wp-content\/uploads\/2023\/11\/Captura-de-Pantalla-2023-11-16-a-las-11.52.50-300x186.png 300w, https:\/\/tejiendoredesinfancia.org\/wp-content\/uploads\/2023\/11\/Captura-de-Pantalla-2023-11-16-a-las-11.52.50-768x477.png 768w, https:\/\/tejiendoredesinfancia.org\/wp-content\/uploads\/2023\/11\/Captura-de-Pantalla-2023-11-16-a-las-11.52.50-18x12.png 18w, https:\/\/tejiendoredesinfancia.org\/wp-content\/uploads\/2023\/11\/Captura-de-Pantalla-2023-11-16-a-las-11.52.50-480x298.png 480w\" sizes=\"(max-width:767px) 480px, (max-width:786px) 100vw, 786px\" \/><\/figure>\n<\/figure>\n\n\n\n<p><strong>Axe th\u00e9matique : violences arm\u00e9es<\/strong><br>(\u00c9tape 1. Int\u00e9r\u00eats partag\u00e9s)<br>Est-il plus dangereux de quitter la maison tous les jours ? La s\u00e9curit\u00e9 dans les rues est un droit<br>pour tous ; y compris l&#8217;enfance. #ReconnaissezVosDroits #CCYEP<br>(\u00c9tape 2. Probl\u00e8mes partag\u00e9s)<br>Vous menacent-ils avec une arme \u00e0 feu ? Vous avez le droit \u00e0 une vie sans violence, tout comme<br>l\u2019enfance. #CeNeSontPasDePetitsDroits #CCYEP<br>(\u00c9tape 3. Des actions partag\u00e9es \u00e0 travers le dialogue interg\u00e9n\u00e9rationnel)<br>Dialogue avec les filles et les gar\u00e7ons sur le droit \u00e0 la s\u00e9curit\u00e9 et sur la fa\u00e7on dont nous prenons<br>soin de nous-m\u00eames. Le meilleur conseil est la confiance. #EnConnexionAvecEnfance<br><br><strong>Axe th\u00e9matique : violences num\u00e9riques<\/strong><br>(\u00c9tape 1. Int\u00e9r\u00eats partag\u00e9s)<br>Votre compte a-t-il \u00e9t\u00e9 pirat\u00e9 ? La s\u00e9curit\u00e9 num\u00e9rique sur les r\u00e9seaux sociaux est un droit pour<br>tous ; y compris l&#8217;enfance. #ReconnaissezVosDroits #CCYEP<br>(\u00c9tape 2. Probl\u00e8mes partag\u00e9s)<br>Vous menacent-ils avec une de vos images priv\u00e9es ? Cela s&#8217;appelle la sextorsion. Vous avez droit \u00e0<br>la vie priv\u00e9e, y compris \u00e0 l\u2019enfance. #CeNeSontPasDePetitsDroits #CCYEP<br>(\u00c9tape 3. Des actions partag\u00e9es \u00e0 travers le dialogue interg\u00e9n\u00e9rationnel)<br>Dialogue sur le droit \u00e0 la s\u00e9curit\u00e9 num\u00e9rique avec les filles et les gar\u00e7ons. Le meilleur conseil est la<br>confiance. #EnConnexionAvecL&#8217;Enfance #CCYEP<\/p>\n\n\n\n<p><strong>Axe th\u00e9matique : violences de genre<\/strong><br>(\u00c9tape 1. Int\u00e9r\u00eats partag\u00e9s)<br>Souhaitez-vous en savoir plus sur la fa\u00e7on de vous prot\u00e9ger contre la violence sexiste ? La violence<br>commence \u00e0 la maison, les filles ont aussi droit \u00e0 la protection. #ReconnaissezVosDroits NonC&#8217;estNon #CCYEP<br>(\u00c9tape 2. Probl\u00e8mes partag\u00e9s)<br>Avez-vous \u00e9t\u00e9 harcel\u00e9 dans la rue ou lors d&#8217;une f\u00eate ? Une vie sans violence sexiste est votre droit&nbsp;;<br>aussi pour les filles. #CeNeSontPasDesPetitsDroits #NoEsNo #CCYEP<br>(\u00c9tape 3. Des actions partag\u00e9es \u00e0 travers le dialogue interg\u00e9n\u00e9rationnel)<br>Dialogue avec les filles et les gar\u00e7ons sur le droit \u00e0 une vie sans violence. Le meilleur conseil est le<br>consentement. #EnLienAvecL&#8217;Enfance #C&#8217;estNon #CCYEP<br><br><strong>Axe th\u00e9matique : Discrimination raciste<\/strong><br>(\u00c9tape 1. Int\u00e9r\u00eats partag\u00e9s)<br>Savez-vous ce qu\u2019est le racisme int\u00e9rioris\u00e9 depuis l\u2019enfance ? Vous souvenez-vous de la fa\u00e7on dont<br>on vous a refus\u00e9 votre droit \u00e0 l\u2019identit\u00e9 afro ? #ReconnaissezVosDroits #CCYEP<br>(\u00c9tape 2. Probl\u00e8mes partag\u00e9s)<br>Avez-vous \u00e9t\u00e9 rejet\u00e9 \u00e0 cause de votre couleur de peau et de vos cheveux boucl\u00e9s ? Vivre sans<br>discrimination est un droit pour chacun ; y compris l&#8217;enfance noire. #CeNeSontPasDesPetitsDroits #CCYEP<br>(\u00c9tape 3. Des actions partag\u00e9es \u00e0 travers le dialogue interg\u00e9n\u00e9rationnel)<br>Dialogue avec les filles et les gar\u00e7ons sur le droit de vivre sans discrimination et la conscience noire<br>pour r\u00e9sister \u00e0 la supr\u00e9matie blanche. #EnLienAvecL&#8217;Enfance #CCYEP<br><br><strong>Mesure des r\u00e9sultats&nbsp;:<\/strong><\/p>\n\n\n\n<ul class=\"wp-block-list\">\n<li>Nombre de followers et de participants sur les r\u00e9seaux sociaux.<\/li>\n\n\n\n<li>Interactions sur les posts (likes, commentaires, partages).<\/li>\n\n\n\n<li>Port\u00e9e des hashtags et des mentions.<\/li>\n\n\n\n<li>Retour du public via des enqu\u00eates et des commentaires.<\/li>\n\n\n\n<li>Impact sur la mobilisation sociale, comme la participation \u00e0 des \u00e9v\u00e9nements ou des dons.<\/li>\n\n\n\n<li>Analyse des sentiments (positifs, neutres, n\u00e9gatifs) dans les r\u00e9ponses du public.<\/li>\n<\/ul>","protected":false},"excerpt":{"rendered":"<p>Rejoignez la campagne \u00ab 21 jours d&#8217;activisme mondial #EnConexi\u00f3nConLaNi\u00f1ez \u00bb<\/p>","protected":false},"author":1,"featured_media":0,"comment_status":"closed","ping_status":"closed","sticky":false,"template":"","format":"standard","meta":{"_acf_changed":false,"footnotes":""},"categories":[129],"tags":[],"class_list":["post-2073","post","type-post","status-publish","format-standard","hentry","category-campanas"],"acf":[],"_links":{"self":[{"href":"https:\/\/tejiendoredesinfancia.org\/pt_br\/wp-json\/wp\/v2\/posts\/2073","targetHints":{"allow":["GET"]}}],"collection":[{"href":"https:\/\/tejiendoredesinfancia.org\/pt_br\/wp-json\/wp\/v2\/posts"}],"about":[{"href":"https:\/\/tejiendoredesinfancia.org\/pt_br\/wp-json\/wp\/v2\/types\/post"}],"author":[{"embeddable":true,"href":"https:\/\/tejiendoredesinfancia.org\/pt_br\/wp-json\/wp\/v2\/users\/1"}],"replies":[{"embeddable":true,"href":"https:\/\/tejiendoredesinfancia.org\/pt_br\/wp-json\/wp\/v2\/comments?post=2073"}],"version-history":[{"count":0,"href":"https:\/\/tejiendoredesinfancia.org\/pt_br\/wp-json\/wp\/v2\/posts\/2073\/revisions"}],"wp:attachment":[{"href":"https:\/\/tejiendoredesinfancia.org\/pt_br\/wp-json\/wp\/v2\/media?parent=2073"}],"wp:term":[{"taxonomy":"category","embeddable":true,"href":"https:\/\/tejiendoredesinfancia.org\/pt_br\/wp-json\/wp\/v2\/categories?post=2073"},{"taxonomy":"post_tag","embeddable":true,"href":"https:\/\/tejiendoredesinfancia.org\/pt_br\/wp-json\/wp\/v2\/tags?post=2073"}],"curies":[{"name":"wp","href":"https:\/\/api.w.org\/{rel}","templated":true}]}}