{"id":2114,"date":"2023-11-17T08:17:08","date_gmt":"2023-11-17T14:17:08","guid":{"rendered":"https:\/\/tejiendoredesinfancia.org\/?p=2114"},"modified":"2023-11-20T17:37:19","modified_gmt":"2023-11-20T23:37:19","slug":"desafio-para-ninas-ninos-y-personas-jovenes-21-dias-de-activismo-global-en-conexion-con-la-ninez-20-de-noviembre-al-10-de-diciembre-enconexionconlaninez","status":"publish","type":"post","link":"https:\/\/tejiendoredesinfancia.org\/pt_br\/campanas\/desafio-para-ninas-ninos-y-personas-jovenes-21-dias-de-activismo-global-en-conexion-con-la-ninez-20-de-noviembre-al-10-de-diciembre-enconexionconlaninez\/","title":{"rendered":"DESAF\u00cdO para ni\u00f1as, ni\u00f1os y personas j\u00f3venes."},"content":{"rendered":"\n<p class=\"has-medium-font-size\"> &#8220;21 D\u00edas de Activismo Global en Conexi\u00f3n con la Ni\u00f1ez&#8221; (20 de noviembre al 10 de diciembre) #EnConexi\u00f3nConLaNi\u00f1ez<\/p>\n\n\n\n<p>\u00a1Hola a todas las ni\u00f1as, ni\u00f1os y personas j\u00f3venes incre\u00edbles!<\/p>\n\n\n\n<p>Esperamos que esta carta los encuentre llenos de energ\u00eda y emoci\u00f3n. Nos dirigimos a ustedes con la certeza de que la participaci\u00f3n y ciudadan\u00eda digital hacen crecer su protagonismo y el poder de cada una y cada uno de ustedes.<\/p>\n\n\n\n<p>Este a\u00f1o, nos embarcamos en una aventura emocionante y queremos invitarles a todas y todos a unirse a nosotros en &#8220;21 D\u00edas de Activismo Global en Conexi\u00f3n con la Ni\u00f1ez,&#8221; que tendr\u00e1 lugar del 20 de noviembre al 10 de diciembre. Ser\u00e1 un momento lleno de diversi\u00f3n, aprendizaje y, lo m\u00e1s importante, \u00a1ser\u00e1 su momento para hacer escuchar tu voz!<\/p>\n\n\n\n<p>Metodolog\u00eda:<\/p>\n\n\n\n<p>1. Desaf\u00edos diarios: Cada d\u00eda, les presentaremos un peque\u00f1o desaf\u00edo relacionado con los derechos de la ni\u00f1ez. Puede ser desde contarle a sus amigos sobre estos derechos hasta realizar una acci\u00f3n amable en su comunidad.<\/p>\n\n\n\n<p>2. Arte y creatividad: \u00a1Vamos a explorar su lado creativo! Les propondremos actividades art\u00edsticas para expresar lo que piensan sobre sus derechos y c\u00f3mo podemos hacer del mundo un lugar mejor.<\/p>\n\n\n\n<p>3. Compartir tu perspectiva: Queremos escuchar sus historias. Todos los d\u00edas compartiremos algunas de sus historias y experiencias en nuestras redes sociales para que el mundo vea lo incre\u00edbles que son.<\/p>\n\n\n\n<p>Ventajas de participar:<\/p>\n\n\n\n<p>1. Aprendizaje divertido: Participar en estos desaf\u00edos les ayudar\u00e1 a aprender m\u00e1s sobre sus derechos de una manera divertida y emocionante.<\/p>\n\n\n\n<p>2. Conexi\u00f3n global: Al unirse a esta iniciativa, estar\u00e1n conect\u00e1ndose con ni\u00f1as, ni\u00f1os y personas j\u00f3venes de todo el mundo que tambi\u00e9n est\u00e1n comprometidas con hacer de nuestro planeta un lugar mejor.<\/p>\n\n\n\n<p>3. \u00a1Ser escuchados! Compartiremos sus mensajes y expresiones creativas con medios de comunicaci\u00f3n, instituciones p\u00fablicas, organizaciones y familias participantes para mostrar la fuerza de su voz y su activismo por un mundo m\u00e1s justo.<\/p>\n\n\n\n<p>\u00bfC\u00f3mo Participar?<\/p>\n\n\n\n<p>1. Confirma tu participaci\u00f3n: Pueden enviar mensajes a la organizaci\u00f3n o personas que te invit\u00f3 a participar en este desaf\u00edo, visita nuestras redes sociales para seguir las actividades diarias de la campa\u00f1a durante los 21 d\u00edas de activismo, y encontrar otros recursos \u00fatiles.<\/p>\n\n\n\n<p>2. Compartir y conectar: Sus creaciones y experiencias en tus redes sociales con el hashtag #EnConexi\u00f3nConLaNi\u00f1ez!, \u00a1Podr\u00edan ser parte de las historias destacadas a nivel global!<\/p>\n\n\n\n<p>3. Disfruten mucho: M\u00e1s que todo, disfruten cada d\u00eda, divi\u00e9rtanse y recuerden que cada peque\u00f1a acci\u00f3n cuenta.<\/p>\n\n\n\n<p>Estamos muy emocionadas de tenerlos a bordo. Este es su momento para hacer que sus voces sean escuchadas. \u00a1Esperamos ver todas sus incre\u00edbles creaciones y acciones!<\/p>\n\n\n\n<p>\u00a1Con mucho entusiasmo!<\/p>\n\n\n\n<p>[tu organizaci\u00f3n] y<\/p>\n\n\n\n<p>Consortium for children and youth empowerment and participation #CCYPE<\/p>\n\n\n\n<p><strong>Encuentras las actividades sugeridas en la web:<\/strong><\/p>\n\n\n\n<figure class=\"wp-block-embed is-type-wp-embed is-provider-tejiendo-redes-infancia wp-block-embed-tejiendo-redes-infancia\"><div class=\"wp-block-embed__wrapper\">\n<blockquote class=\"wp-embedded-content\" data-secret=\"rU3E3uSsOJ\"><a href=\"https:\/\/tejiendoredesinfancia.org\/campanas\/desafio-para-ninas-ninos-y-personas-jovenes-21-dias-de-activismo-global-en-conexion-con-la-ninez-20-de-noviembre-al-10-de-diciembre-enconexionconlaninez\/\">DESAF\u00cdO para ni\u00f1as, ni\u00f1os y personas j\u00f3venes.<\/a><\/blockquote><iframe class=\"wp-embedded-content\" sandbox=\"allow-scripts\" security=\"restricted\" style=\"position: absolute; visibility: hidden;\" title=\"&#8220;DESAF\u00cdO para ni\u00f1as, ni\u00f1os y personas j\u00f3venes.&#8221; &#8212; Tejiendo Redes Infancia\" src=\"https:\/\/tejiendoredesinfancia.org\/campanas\/desafio-para-ninas-ninos-y-personas-jovenes-21-dias-de-activismo-global-en-conexion-con-la-ninez-20-de-noviembre-al-10-de-diciembre-enconexionconlaninez\/embed\/#?secret=PByXQUfyFv#?secret=rU3E3uSsOJ\" data-secret=\"rU3E3uSsOJ\" width=\"600\" height=\"338\" frameborder=\"0\" marginwidth=\"0\" marginheight=\"0\" scrolling=\"no\"><\/iframe>\n<\/div><\/figure>\n\n\n\n<p><strong>D\u00eda 1 (20 de noviembre): \u00a1Inicia la Conexi\u00f3n!<\/strong> Comparte porqu\u00e9 te sumas al desaf\u00edo de 21 d\u00edas de activismo digital en redes sociales #EnConexi\u00f3nConLaNi\u00f1ez<\/p>\n\n\n\n<p><strong>D\u00eda 2 (21 de noviembre): Explorando mis derechos:<\/strong> Comparte un dibujo digital, fotograf\u00eda o mensaje sobre tus derechos como ni\u00f1o, ni\u00f1a o persona joven. #EnConexi\u00f3nConLaNi\u00f1ez<\/p>\n\n\n\n<p><strong>D\u00eda 3 (22 de noviembre): Dibuja tus Ideas<\/strong>: \u00bfc\u00f3mo te imaginas un mundo donde todos respetan tus derechos? Comparte tu dibujo en redes sociales. #EnConexi\u00f3nConLaNi\u00f1ez<\/p>\n\n\n\n<p><strong>D\u00eda 4 (23 de noviembre): Habilidades solidarias:<\/strong> Cuenta qu\u00e9 habilidades tienes para proteger tus derechos y los de tus amigas y amigos. #EnConexi\u00f3nConLaNi\u00f1ez<\/p>\n\n\n\n<p><strong>D\u00eda 5 (24 de noviembre): Desaf\u00edo creativo:<\/strong> Crea una historia corta o poema sobre ser ni\u00f1o o ni\u00f1a con derechos. Comparte tu creatividad. #EnConexi\u00f3nConLaNi\u00f1ez<\/p>\n\n\n\n<p><strong>D\u00eda 6 (25 de noviembre): Eventos locales:<\/strong> Anima a tus amigos y familiares a participar en los eventos del \u201cD\u00eda naranja para prevenir la violencia contra las ni\u00f1as y mujeres\u201d. #NoHayExcusa #EnConexi\u00f3nConLaNi\u00f1ez<strong>&nbsp;<\/strong><\/p>\n\n\n\n<p><strong>D\u00eda 7 (26 de noviembre): Historias de amistad<\/strong>: Comparte una historia sobre c\u00f3mo t\u00fa y tus amigas y amigos se apoyan mutuamente. #EnConexi\u00f3nConLaNi\u00f1ez<\/p>\n\n\n\n<p><strong>D\u00eda 8 (27 de noviembre): Juegos por derechos:<\/strong> Comparte tus juegos favoritos que te ense\u00f1an sobre derechos. Invita a otros ni\u00f1os y ni\u00f1as a jugar. #EnConexi\u00f3nConLaNi\u00f1ez<\/p>\n\n\n\n<p><strong>D\u00eda 9 (28 de noviembre): Desaf\u00edo &#8220;Mis Derechos&#8221;:<\/strong> Haz un video corto explicando tus derechos como ni\u00f1o o ni\u00f1a. #EnConexi\u00f3nConLaNi\u00f1ez<\/p>\n\n\n\n<p><strong>D\u00eda 10 (29 de noviembre): S\u00e9 un defensor o defensora<\/strong>: Comparte c\u00f3mo puedes defender tus derechos y los de otras infancias y juventudes. #EnConexi\u00f3nConLaNi\u00f1ez<\/p>\n\n\n\n<p><strong>D\u00eda 11 (30 de noviembre): Reto solidario:<\/strong> Invita a tus amigos a donar juguetes o videojuegos a otras infancias, para que los puedan disfrutar como t\u00fa lo hiciste. #EnConexi\u00f3nConLaNi\u00f1ez<\/p>\n\n\n\n<p><strong>D\u00eda 12 (1 de diciembre): Preguntas y respuestas<\/strong>: Participa en una sesi\u00f3n en tus redes sociales donde respondas preguntas sobre ser ni\u00f1o o ni\u00f1a con derechos. #EnConexi\u00f3nConLaNi\u00f1ez<\/p>\n\n\n\n<p><strong>D\u00eda 13 (2 de diciembre): Arte por los derechos:<\/strong> Haz un dibujo, pintura o s\u00edmbolo que exprese lo que significa tener derechos. #EnConexi\u00f3nConLaNi\u00f1ez<\/p>\n\n\n\n<p><strong>D\u00eda 14 (3 de diciembre): Nuestra voz cuenta<\/strong>: Comparte c\u00f3mo te sientes empoderado siendo ni\u00f1o o ni\u00f1a. #NuestraVozCuenta #EnConexi\u00f3nConLaNi\u00f1ez<\/p>\n\n\n\n<p><strong>D\u00eda 15 (4 de diciembre): Seguridad digital:<\/strong> Aprende y comparte consejos de seguridad digital para ni\u00f1as, ni\u00f1os y personas j\u00f3venes. #EnConexi\u00f3nConLaNi\u00f1ez<\/p>\n\n\n\n<p><strong>D\u00eda 16 (5 de diciembre): Hero\u00ednas an\u00f3nimas:<\/strong> Comparte historias de ni\u00f1as y mujeres que han hecho cosas incre\u00edbles. #Ni\u00f1asPoderosas #EnConexi\u00f3nConLaNi\u00f1ez<\/p>\n\n\n\n<p><strong>D\u00eda 17 (6 de diciembre): Agradecimiento solidario:<\/strong> Haz mensajes de agradecimiento para personas adultas que te apoyan. #EnConexi\u00f3nConLaNi\u00f1ez<\/p>\n\n\n\n<p><strong>D\u00eda 18 (7 de diciembre): Desaf\u00edo &#8220;Mi mundo justo&#8221;:<\/strong> Dibuja o describe c\u00f3mo ser\u00eda tu mundo justo y comparte en redes. #EnConexi\u00f3nConLaNi\u00f1ez<\/p>\n\n\n\n<p><strong>D\u00eda 19 (8 de diciembre): Debates sobre ni\u00f1ez:<\/strong> Comparte tus opiniones sobre los derechos de la ni\u00f1ez en un video corto. #EnConexi\u00f3nConLaNi\u00f1ez<\/p>\n\n\n\n<p><strong>D\u00eda 20 (9 de diciembre): Cambio de perspectiva:<\/strong> Reflexiona sobre c\u00f3mo cambio tu perspectiva sobre tus derechos durante los 21 d\u00edas de activismo digital. #EnConexi\u00f3nConLaNi\u00f1ez<br><strong>D\u00eda 21 (10 de diciembre): \u00a1Celebraci\u00f3n Final!<\/strong> Comparte c\u00f3mo celebras el D\u00eda Mundial de los Derechos Humanos como ni\u00f1o, ni\u00f1a o persona joven. #EnConexi\u00f3nConLaNi\u00f1ez<\/p>\n","protected":false},"excerpt":{"rendered":"<p>&#8220;21 D\u00edas de Activismo Global en Conexi\u00f3n con la Ni\u00f1ez&#8221; (20 de noviembre al 10 de diciembre) #EnConexi\u00f3nConLaNi\u00f1ez \u00a1Hola a todas las ni\u00f1as, ni\u00f1os y personas<span class=\"excerpt-hellip\"> [\u2026]<\/span><\/p>\n","protected":false},"author":1,"featured_media":0,"comment_status":"open","ping_status":"closed","sticky":false,"template":"","format":"standard","meta":{"_acf_changed":false,"footnotes":""},"categories":[129],"tags":[],"class_list":["post-2114","post","type-post","status-publish","format-standard","hentry","category-campanas"],"acf":[],"_links":{"self":[{"href":"https:\/\/tejiendoredesinfancia.org\/pt_br\/wp-json\/wp\/v2\/posts\/2114","targetHints":{"allow":["GET"]}}],"collection":[{"href":"https:\/\/tejiendoredesinfancia.org\/pt_br\/wp-json\/wp\/v2\/posts"}],"about":[{"href":"https:\/\/tejiendoredesinfancia.org\/pt_br\/wp-json\/wp\/v2\/types\/post"}],"author":[{"embeddable":true,"href":"https:\/\/tejiendoredesinfancia.org\/pt_br\/wp-json\/wp\/v2\/users\/1"}],"replies":[{"embeddable":true,"href":"https:\/\/tejiendoredesinfancia.org\/pt_br\/wp-json\/wp\/v2\/comments?post=2114"}],"version-history":[{"count":0,"href":"https:\/\/tejiendoredesinfancia.org\/pt_br\/wp-json\/wp\/v2\/posts\/2114\/revisions"}],"wp:attachment":[{"href":"https:\/\/tejiendoredesinfancia.org\/pt_br\/wp-json\/wp\/v2\/media?parent=2114"}],"wp:term":[{"taxonomy":"category","embeddable":true,"href":"https:\/\/tejiendoredesinfancia.org\/pt_br\/wp-json\/wp\/v2\/categories?post=2114"},{"taxonomy":"post_tag","embeddable":true,"href":"https:\/\/tejiendoredesinfancia.org\/pt_br\/wp-json\/wp\/v2\/tags?post=2114"}],"curies":[{"name":"wp","href":"https:\/\/api.w.org\/{rel}","templated":true}]}}