{"id":2274,"date":"2024-06-05T10:31:15","date_gmt":"2024-06-05T16:31:15","guid":{"rendered":"https:\/\/tejiendoredesinfancia.org\/?p=2274"},"modified":"2024-06-05T10:31:16","modified_gmt":"2024-06-05T16:31:16","slug":"reiteramos-el-llamado-urgente-a-la-accion-internacional-para-recuperar-la-humanidad-y-evitar-mas-victimas-infantiles-en-palestina","status":"publish","type":"post","link":"https:\/\/tejiendoredesinfancia.org\/pt_br\/sala-de-prensa\/reiteramos-el-llamado-urgente-a-la-accion-internacional-para-recuperar-la-humanidad-y-evitar-mas-victimas-infantiles-en-palestina\/","title":{"rendered":"Reiteramos el llamado urgente a la acci\u00f3n internacional para recuperar la humanidad y evitar m\u00e1s v\u00edctimas infantiles en Palestina."},"content":{"rendered":"<p>4 de junio de 2024.- En el marco del &#8220;D\u00eda Internacional de la ni\u00f1ez v\u00edctima inocentes de agresi\u00f3n&#8221; que se conmemora este 4 de junio, Tejiendo Redes Infancia en Am\u00e9rica Latina y el Caribe hace un llamado urgente a la comunidad internacional para tomar medidas contundentes que detengan el genocidio en Palestina, promuevan un embargo de armas y busquen un acuerdo para la paz, la libertad de los rehenes y justicia para las miles de v\u00edctimas gazat\u00edes.<\/p>\n\n\n\n<p>Desde su creaci\u00f3n en 1982, esta fecha conmemorativa de Naciones Unidas ha evolucionado significativamente, inicialmente como respuesta a la situaci\u00f3n de los ni\u00f1os palestinos y libaneses v\u00edctimas de la agresi\u00f3n israel\u00ed, y actualmente como un recordatorio de la urgente necesidad de proteger los derechos de la infancia en situaciones de conflicto armado a nivel global.<\/p>\n\n\n\n<p>La escalada de violencia en Gaza ha dejado a miles de ni\u00f1as y ni\u00f1os en un estado de vulnerabilidad extrema, v\u00edctimas de un conflicto que niega sus derechos fundamentales a la vida, la seguridad y la dignidad. Las im\u00e1genes desgarradoras de familias destrozadas, escuelas en ruinas, hospitales destruidos, j\u00f3venes torturados, hambruna generalizada y bombardeos indiscriminados, exigen una respuesta inmediata y firme de la comunidad internacional.<\/p>\n\n\n\n<p>Ante este panorama, es imperativo que los Estados y los organismos internacionales impongan de inmediato un embargo de armas a todas las partes involucradas en el conflicto. Exigimos un cese inmediato de la venta y transferencia de armas que alimentan la destrucci\u00f3n y la muerte en Gaza.<\/p>\n\n\n\n<p>La liberaci\u00f3n de todos los rehenes israel\u00edes y detenidos palestinos es una necesidad urgente. La comunidad internacional debe ejercer presi\u00f3n para asegurar su libertad y proporcionar asistencia humanitaria a quienes han sido afectados por el conflicto. La justicia para las v\u00edctimas gazat\u00edes no puede esperar. Los perpetradores de cr\u00edmenes de guerra y violaciones de derechos humanos deben ser llevados ante la justicia internacional.<\/p>\n\n\n\n<p>Los Estados miembros de la ONU tienen la responsabilidad moral y legal de intervenir y proteger a los civiles en Gaza. El derecho internacional humanitario, la Convenci\u00f3n sobre los Derechos del Ni\u00f1o y decenas de tratados internacionales exigen para poner fin a todas las formas de violencia contra ni\u00f1as y ni\u00f1os. Es hora de que estas palabras se traduzcan en acciones concretas que salven vidas y restauren la paz. El mundo y Palestina, necesitamos una paz duradera que garantice la seguridad y el bienestar de todos los ni\u00f1os y ni\u00f1as, y que respete su derecho a un futuro lleno de esperanza y dignidad.<\/p>\n\n\n\n<p>En este 4 de junio, D\u00eda Internacional de los Ni\u00f1os V\u00edctimas Inocentes de Agresi\u00f3n, recordemos que nuestras acciones tienen el poder de cambiar vidas. No podemos quedarnos en silencio ante la injusticia, porque el silencio no es opci\u00f3n. Exigimos un compromiso firme y decidido de los Estados, y que la ciudadan\u00eda siga exigiendo a sus gobiernos detener el genocidio en Palestina y construir un mundo donde ni\u00f1as, ni\u00f1os y adolescentes puedan vivir libres de miedo y opresi\u00f3n por las decisiones geopol\u00edticas criminales del negocio multimillonario de la guerra.<\/p>\n\n\n\n<p>Atentamente<\/p>\n\n\n\n<p>Juan Mart\u00edn P\u00e9rez Garc\u00eda<br>Coordinador<br>@juanmartinmx<\/p>\n\n\n\n<h2 class=\"wp-block-heading\"><\/h2>\n\n\n\n<p>Fuente: 31a. sesi\u00f3n plenaria, 19 de agosto de 1982. ES-7\/8. D\u00eda Internacional de los Ni\u00f1os V\u00edctimas Inocentes de la Agresi\u00f3n. La Asamblea General, Habiendo examinado la cuesti\u00f3n de Palestina en la reanudaci\u00f3n de su s\u00e9ptimo per\u00edodo extraordinario de sesiones de emergencia, Consternada ante al gran n\u00famero de ni\u00f1os palestinos y libaneses que han sido v\u00edctimas inocentes de los actos de agresi\u00f3n de\u00b7 Israel Decide conmemorar, el 4 de junio de cada a\u00f1o, el D\u00eda Internacional de los ni\u00f1os v\u00edctimas inocentes de la agresi\u00f3n.<br><a href=\"https:\/\/documents.un.org\/doc\/undoc\/gen\/nl8\/204\/03\/pdf\/nl820403.pdf?token=DcWJnDxAcEn3vFCnaE&amp;fe=tru\">https:\/\/documents.un.org\/doc\/undoc\/gen\/nl8\/204\/03\/pdf\/nl820403.pdf?token=DcWJnDxAcEn3vFCnaE&amp;fe=tru<\/a>e <\/p>","protected":false},"excerpt":{"rendered":"<p>Reiteramos el llamado urgente a la acci\u00f3n internacional para recuperar la humanidad y evitar m\u00e1s v\u00edctimas infantiles en Palestina.<\/p>","protected":false},"author":1,"featured_media":2275,"comment_status":"closed","ping_status":"closed","sticky":false,"template":"","format":"standard","meta":{"_acf_changed":false,"footnotes":""},"categories":[18],"tags":[124,87,123],"class_list":["post-2274","post","type-post","status-publish","format-standard","has-post-thumbnail","hentry","category-sala-de-prensa","tag-gaza","tag-ninez","tag-palestina"],"acf":[],"_links":{"self":[{"href":"https:\/\/tejiendoredesinfancia.org\/pt_br\/wp-json\/wp\/v2\/posts\/2274","targetHints":{"allow":["GET"]}}],"collection":[{"href":"https:\/\/tejiendoredesinfancia.org\/pt_br\/wp-json\/wp\/v2\/posts"}],"about":[{"href":"https:\/\/tejiendoredesinfancia.org\/pt_br\/wp-json\/wp\/v2\/types\/post"}],"author":[{"embeddable":true,"href":"https:\/\/tejiendoredesinfancia.org\/pt_br\/wp-json\/wp\/v2\/users\/1"}],"replies":[{"embeddable":true,"href":"https:\/\/tejiendoredesinfancia.org\/pt_br\/wp-json\/wp\/v2\/comments?post=2274"}],"version-history":[{"count":1,"href":"https:\/\/tejiendoredesinfancia.org\/pt_br\/wp-json\/wp\/v2\/posts\/2274\/revisions"}],"predecessor-version":[{"id":2276,"href":"https:\/\/tejiendoredesinfancia.org\/pt_br\/wp-json\/wp\/v2\/posts\/2274\/revisions\/2276"}],"wp:featuredmedia":[{"embeddable":true,"href":"https:\/\/tejiendoredesinfancia.org\/pt_br\/wp-json\/wp\/v2\/media\/2275"}],"wp:attachment":[{"href":"https:\/\/tejiendoredesinfancia.org\/pt_br\/wp-json\/wp\/v2\/media?parent=2274"}],"wp:term":[{"taxonomy":"category","embeddable":true,"href":"https:\/\/tejiendoredesinfancia.org\/pt_br\/wp-json\/wp\/v2\/categories?post=2274"},{"taxonomy":"post_tag","embeddable":true,"href":"https:\/\/tejiendoredesinfancia.org\/pt_br\/wp-json\/wp\/v2\/tags?post=2274"}],"curies":[{"name":"wp","href":"https:\/\/api.w.org\/{rel}","templated":true}]}}