{"id":2686,"date":"2024-09-24T11:28:25","date_gmt":"2024-09-24T17:28:25","guid":{"rendered":"https:\/\/tejiendoredesinfancia.org\/?p=2686"},"modified":"2024-09-28T00:19:43","modified_gmt":"2024-09-28T06:19:43","slug":"observacionescrcargentina","status":"publish","type":"post","link":"https:\/\/tejiendoredesinfancia.org\/pt_br\/publicaciones\/observacionescrcargentina\/","title":{"rendered":"Observaciones finales sobre el s\u00e9ptimo informe peri\u00f3dico de Argentina"},"content":{"rendered":"<ol class=\"wp-block-list\">\n<li>El Comit\u00e9 examin\u00f3 el s\u00e9ptimo informe peri\u00f3dico de Argentina en sus 2828\u00aa y 2829\u00aa reuniones, celebradas los d\u00edas 2 y 3 de septiembre de 2024, y adopt\u00f3 las presentes observaciones finales en su 2846\u00aa reuni\u00f3n, celebrada el 13 de septiembre de 2024. En el presente documento, el Comit\u00e9 utiliza el t\u00e9rmino ni\u00f1o para referirse a una persona que tiene menos de 18 a\u00f1os de edad.<\/li>\n\n\n\n<li>El Comit\u00e9 acoge con satisfacci\u00f3n la presentaci\u00f3n del s\u00e9ptimo informe peri\u00f3dico del Estado parte, en el marco del procedimiento simplificado de presentaci\u00f3n de informes, lo que permiti\u00f3 una mejor comprensi\u00f3n de la situaci\u00f3n de los derechos de los ni\u00f1os en el Estado parte. El Comit\u00e9 lamenta la ausencia de una delegaci\u00f3n del Estado parte que participara en el di\u00e1logo en persona, y considera que una reuni\u00f3n en l\u00ednea no cumple con los est\u00e1ndares esperados.\u00a0<\/li>\n<\/ol>\n\n\n\n<p><strong>(Traducci\u00f3n no oficial al espa\u00f1ol)<\/strong><\/p>\n\n\n\n<div style=\"height:32px\" aria-hidden=\"true\" class=\"wp-block-spacer\"><\/div>\n\n\n\n            <div \n                class=\"elfsight-widget-pdf-embed elfsight-widget\" \n                data-elfsight-pdf-embed-options=\"%7B%22files%22%3A%5B%7B%22link%22%3A%22https%3A%5C%2F%5C%2Ftejiendoredesinfancia.org%5C%2Fwp-content%5C%2Fuploads%5C%2F2024%5C%2F09%5C%2FCRC_C_ARG_CO_7-Recomendaciones-Argentina-16-sept-24-.pdf%22%2C%22name%22%3A%22PDF%22%2C%22previewImage%22%3Anull%7D%5D%2C%22widgetTitle%22%3A%22%22%2C%22layout%22%3A%22viewer%22%2C%22showIcon%22%3Atrue%2C%22icon%22%3A%22icon-1%22%2C%22previewImageSize%22%3A30%2C%22showDownloadLink%22%3Atrue%2C%22downloadLinkText%22%3A%22Descargar%22%2C%22width%22%3A%22100%25%22%2C%22heightFactor%22%3A1.1999999999999999555910790149937383830547332763671875%2C%22iconColor%22%3A%22rgb%28222%2C%2043%2C%2051%29%22%2C%22nameColor%22%3A%22rgb%2817%2C%2017%2C%2017%29%22%2C%22downloadColor%22%3A%22rgb%2828%2C%20145%2C%20255%29%22%2C%22backgroundColor%22%3Anull%2C%22fileBackgroundColor%22%3Anull%2C%22widgetTitleColor%22%3A%22rgb%2817%2C%2017%2C%2017%29%22%2C%22nameFontSize%22%3A15%2C%22downloadFontSize%22%3A13%2C%22widgetTitleFontSize%22%3A20%2C%22widgetId%22%3A%2221%22%7D\" \n                data-elfsight-pdf-embed-version=\"1.1.1\"\n                data-elfsight-widget-id=\"elfsight-pdf-embed-21\">\n            <\/div>","protected":false},"excerpt":{"rendered":"<p>(Traducci\u00f3n no oficial al espa\u00f1ol)<\/p>","protected":false},"author":1,"featured_media":2665,"comment_status":"open","ping_status":"closed","sticky":false,"template":"","format":"standard","meta":{"_acf_changed":false,"footnotes":""},"categories":[19],"tags":[59,201,84],"class_list":["post-2686","post","type-post","status-publish","format-standard","has-post-thumbnail","hentry","category-publicaciones","tag-argentina","tag-crconu-2","tag-derechos-infancia"],"acf":[],"_links":{"self":[{"href":"https:\/\/tejiendoredesinfancia.org\/pt_br\/wp-json\/wp\/v2\/posts\/2686","targetHints":{"allow":["GET"]}}],"collection":[{"href":"https:\/\/tejiendoredesinfancia.org\/pt_br\/wp-json\/wp\/v2\/posts"}],"about":[{"href":"https:\/\/tejiendoredesinfancia.org\/pt_br\/wp-json\/wp\/v2\/types\/post"}],"author":[{"embeddable":true,"href":"https:\/\/tejiendoredesinfancia.org\/pt_br\/wp-json\/wp\/v2\/users\/1"}],"replies":[{"embeddable":true,"href":"https:\/\/tejiendoredesinfancia.org\/pt_br\/wp-json\/wp\/v2\/comments?post=2686"}],"version-history":[{"count":3,"href":"https:\/\/tejiendoredesinfancia.org\/pt_br\/wp-json\/wp\/v2\/posts\/2686\/revisions"}],"predecessor-version":[{"id":2975,"href":"https:\/\/tejiendoredesinfancia.org\/pt_br\/wp-json\/wp\/v2\/posts\/2686\/revisions\/2975"}],"wp:featuredmedia":[{"embeddable":true,"href":"https:\/\/tejiendoredesinfancia.org\/pt_br\/wp-json\/wp\/v2\/media\/2665"}],"wp:attachment":[{"href":"https:\/\/tejiendoredesinfancia.org\/pt_br\/wp-json\/wp\/v2\/media?parent=2686"}],"wp:term":[{"taxonomy":"category","embeddable":true,"href":"https:\/\/tejiendoredesinfancia.org\/pt_br\/wp-json\/wp\/v2\/categories?post=2686"},{"taxonomy":"post_tag","embeddable":true,"href":"https:\/\/tejiendoredesinfancia.org\/pt_br\/wp-json\/wp\/v2\/tags?post=2686"}],"curies":[{"name":"wp","href":"https:\/\/api.w.org\/{rel}","templated":true}]}}