{"id":2690,"date":"2024-09-24T11:37:27","date_gmt":"2024-09-24T17:37:27","guid":{"rendered":"https:\/\/tejiendoredesinfancia.org\/?p=2690"},"modified":"2024-09-28T00:23:15","modified_gmt":"2024-09-28T06:23:15","slug":"observacionescrcisrael","status":"publish","type":"post","link":"https:\/\/tejiendoredesinfancia.org\/pt_br\/publicaciones\/observacionescrcisrael\/","title":{"rendered":"Observaciones finales sobre los informes peri\u00f3dicos quinto y sexto combinados de Israel"},"content":{"rendered":"<ol class=\"wp-block-list\">\n<li>El Comit\u00e9 examin\u00f3 los informes peri\u00f3dicos quinto y sexto combinados de Israel1 en sus 2830\u00aa y 2831\u00aa reuniones,2 celebradas el 3 y 4 de septiembre de 2024, y adopt\u00f3 las presentes observaciones finales en su 2846\u00aa reuni\u00f3n, celebrada el 13 de septiembre de 2024.<\/li>\n\n\n\n<li>El Comit\u00e9 acoge con satisfacci\u00f3n la presentaci\u00f3n de los informes peri\u00f3dicos quinto y sexto combinados del Estado parte y las respuestas escritas a la lista de cuestiones y el anexo a la lista de cuestiones, que permitieron una mejor comprensi\u00f3n de la situaci\u00f3n de los derechos de los ni\u00f1os en el Estado parte. El Comit\u00e9 expresa su agradecimiento por el di\u00e1logo mantenido con la delegaci\u00f3n del Estado parte. 3. No obstante, el Comit\u00e9 lamenta profundamente la negativa reiterada del Estado parte a cumplir con sus obligaciones legales en virtud de la Convenci\u00f3n en el Territorio Palestino Ocupado (TPO) bas\u00e1ndose en su posici\u00f3n de que la Convenci\u00f3n &#8220;no se aplica&#8230; a \u00e1reas m\u00e1s all\u00e1 del territorio nacional de un Estado&#8221; y &#8220;no fue dise\u00f1ada para aplicarse en situaciones de conflicto armado&#8221;5, y que el derecho internacional humanitario es el cuerpo de derecho aplicable relevante y espec\u00edfico en la Franja de Gaza y Cisjordania. El Comit\u00e9 tambi\u00e9n lamenta la informaci\u00f3n limitada que recibi\u00f3 sobre la situaci\u00f3n de los ni\u00f1os que viven en el TPO debido a tal posici\u00f3n. El Comit\u00e9 considera que la negativa del Estado parte a la aplicaci\u00f3n de la Convenci\u00f3n no puede ser utilizada para justificar sus graves y persistentes violaciones del derecho internacional de los derechos humanos y el derecho humanitario. En este sentido, el Comit\u00e9 recuerda la jurisprudencia de la Corte Internacional de Justicia (CIJ), incluida su opini\u00f3n consultiva (OC) del 19 de julio de 2024 sobre las consecuencias legales derivadas de las pol\u00edticas y pr\u00e1cticas de Israel en el TPO, incluida Jerusal\u00e9n Este, que &#8220;los instrumentos internacionales de derechos humanos son aplicables &#8216;en relaci\u00f3n con actos realizados por un Estado en el ejercicio de su jurisdicci\u00f3n fuera de su propio territorio&#8217;, especialmente en territorios ocupados&#8221;, que la protecci\u00f3n ofrecida por las convenciones de derechos humanos no cesa en caso de conflicto armado u ocupaci\u00f3n, y que el Estado parte sigue estando obligado por los tratados internacionales de derechos humanos de los que es parte en lo que respecta a su conducta con respecto al TPO. El Comit\u00e9, alineando su posici\u00f3n con la posici\u00f3n de la CIJ, reitera que la Convenci\u00f3n se aplica a todos los ni\u00f1os en todo momento y es directamente aplicable en todos los territorios sobre los cuales el Estado parte ejerce un control efectivo, y recuerda al Estado parte sus obligaciones legales tanto en virtud de la Convenci\u00f3n como del derecho internacional humanitario en relaci\u00f3n con los ni\u00f1os en el TPO.\u00a0<\/li>\n<\/ol>\n\n\n\n<p><strong>(Traducci\u00f3n no oficial al espa\u00f1ol)<\/strong><\/p>\n\n\n\n<div style=\"height:32px\" aria-hidden=\"true\" class=\"wp-block-spacer\"><\/div>\n\n\n\n            <div \n                class=\"elfsight-widget-pdf-embed elfsight-widget\" \n                data-elfsight-pdf-embed-options=\"%7B%22files%22%3A%5B%7B%22link%22%3A%22https%3A%5C%2F%5C%2Ftejiendoredesinfancia.org%5C%2Fwp-content%5C%2Fuploads%5C%2F2024%5C%2F09%5C%2FCRC_C_ISR_CO_5-6-Recomendaciones-a-Israel-16-sept-24.pdf%22%2C%22name%22%3A%22PDF%22%2C%22previewImage%22%3Anull%7D%5D%2C%22widgetTitle%22%3A%22%22%2C%22layout%22%3A%22viewer%22%2C%22showIcon%22%3Atrue%2C%22icon%22%3A%22icon-1%22%2C%22previewImageSize%22%3A30%2C%22showDownloadLink%22%3Atrue%2C%22downloadLinkText%22%3A%22Descargar%22%2C%22width%22%3A%22100%25%22%2C%22heightFactor%22%3A1.1999999999999999555910790149937383830547332763671875%2C%22iconColor%22%3A%22rgb%28222%2C%2043%2C%2051%29%22%2C%22nameColor%22%3A%22rgb%2817%2C%2017%2C%2017%29%22%2C%22downloadColor%22%3A%22rgb%2828%2C%20145%2C%20255%29%22%2C%22backgroundColor%22%3Anull%2C%22fileBackgroundColor%22%3Anull%2C%22widgetTitleColor%22%3A%22rgb%2817%2C%2017%2C%2017%29%22%2C%22nameFontSize%22%3A15%2C%22downloadFontSize%22%3A13%2C%22widgetTitleFontSize%22%3A20%2C%22widgetId%22%3A%2222%22%7D\" \n                data-elfsight-pdf-embed-version=\"1.1.1\"\n                data-elfsight-widget-id=\"elfsight-pdf-embed-22\">\n            <\/div>","protected":false},"excerpt":{"rendered":"<p>(Traducci\u00f3n no oficial al espa\u00f1ol)<\/p>","protected":false},"author":1,"featured_media":2665,"comment_status":"open","ping_status":"closed","sticky":false,"template":"","format":"standard","meta":{"_acf_changed":false,"footnotes":""},"categories":[19],"tags":[201,122],"class_list":["post-2690","post","type-post","status-publish","format-standard","has-post-thumbnail","hentry","category-publicaciones","tag-crconu-2","tag-israel"],"acf":[],"_links":{"self":[{"href":"https:\/\/tejiendoredesinfancia.org\/pt_br\/wp-json\/wp\/v2\/posts\/2690","targetHints":{"allow":["GET"]}}],"collection":[{"href":"https:\/\/tejiendoredesinfancia.org\/pt_br\/wp-json\/wp\/v2\/posts"}],"about":[{"href":"https:\/\/tejiendoredesinfancia.org\/pt_br\/wp-json\/wp\/v2\/types\/post"}],"author":[{"embeddable":true,"href":"https:\/\/tejiendoredesinfancia.org\/pt_br\/wp-json\/wp\/v2\/users\/1"}],"replies":[{"embeddable":true,"href":"https:\/\/tejiendoredesinfancia.org\/pt_br\/wp-json\/wp\/v2\/comments?post=2690"}],"version-history":[{"count":2,"href":"https:\/\/tejiendoredesinfancia.org\/pt_br\/wp-json\/wp\/v2\/posts\/2690\/revisions"}],"predecessor-version":[{"id":2977,"href":"https:\/\/tejiendoredesinfancia.org\/pt_br\/wp-json\/wp\/v2\/posts\/2690\/revisions\/2977"}],"wp:featuredmedia":[{"embeddable":true,"href":"https:\/\/tejiendoredesinfancia.org\/pt_br\/wp-json\/wp\/v2\/media\/2665"}],"wp:attachment":[{"href":"https:\/\/tejiendoredesinfancia.org\/pt_br\/wp-json\/wp\/v2\/media?parent=2690"}],"wp:term":[{"taxonomy":"category","embeddable":true,"href":"https:\/\/tejiendoredesinfancia.org\/pt_br\/wp-json\/wp\/v2\/categories?post=2690"},{"taxonomy":"post_tag","embeddable":true,"href":"https:\/\/tejiendoredesinfancia.org\/pt_br\/wp-json\/wp\/v2\/tags?post=2690"}],"curies":[{"name":"wp","href":"https:\/\/api.w.org\/{rel}","templated":true}]}}