{"id":3132,"date":"2024-12-18T14:05:36","date_gmt":"2024-12-18T20:05:36","guid":{"rendered":"https:\/\/tejiendoredesinfancia.org\/?p=3132"},"modified":"2024-12-19T13:06:36","modified_gmt":"2024-12-19T19:06:36","slug":"organizaciones-ante-union-europea","status":"publish","type":"post","link":"https:\/\/tejiendoredesinfancia.org\/pt_br\/sala-de-prensa\/organizaciones-ante-union-europea\/","title":{"rendered":"Organizaciones exponen ante la Uni\u00f3n Europea la situaci\u00f3n de derechos en M\u00e9xico y emiten recomendaciones para abordarla"},"content":{"rendered":"\n<p>Bolet\u00edn de prensa<\/p>\n\n\n\n<p>Bruselas, diciembre 2024<\/p>\n\n\n\n<p>El pasado 13 de diciembre de 2024 tuvo lugar en Bruselas, B\u00e9lgica, el XII Di\u00e1logo de Alto Nivel sobre derechos humanos entre la Uni\u00f3n Europea (UE) y M\u00e9xico, que re\u00fane cada a\u00f1o a autoridades mexicanas y europeas para abordar los retos que enfrentan ambas partes en esta materia y fortalecer la cooperaci\u00f3n para afrontarlos. Previo al Di\u00e1logo,se realiz\u00f3 el X Seminario de las Organizaciones de la Sociedad Civil sobre Derechos Humanos Uni\u00f3n Europea-M\u00e9xico, en el que representantes de la sociedad civil que trabajan por los derechos humanos en ambas latitudes<a href=\"#_ftn1\" id=\"_ftnref1\"><sup>[1]<\/sup><\/a>, expusieron los desaf\u00edos y oportunidades para hacer frente a las problem\u00e1ticas m\u00e1s apremiantes.<\/p>\n\n\n\n<p>Ante autoridades del Servicio Europeo de Acci\u00f3n Exterior (EEAS), por parte de la UE, y representantes de la Secretar\u00eda de Relaciones Exteriores (SRE), por parte del Estado mexicano, cuyas delegaciones estuvieron encabezadas por el Representante Especial de Derechos Humanos de la UE, Olof Skoog, y el Subsecretario de Asuntos Multilaterales y Derechos Humanos de M\u00e9xico, Enrique Ochoa; las organizaciones mexicanas reconocieron los avances en derechos sociales y laborales en el pa\u00eds y expusieron la preocupante situaci\u00f3n en cuestiones como el debilitamiento del Estado de derecho; la crisis de movilidad humana y desplazamiento forzado interno; los riesgos que enfrentan las personas defensoras de derechos humanos y periodistas; la corrupci\u00f3n, impunidad y la falta de acceso a la justicia; la persistencia de graves violaciones de derechos humanos como la tortura y las desapariciones; los retos para la igualdad de g\u00e9nero; y los desaf\u00edos en materia de nuevas tecnolog\u00edas y empresas y derechos humanos.&nbsp;<\/p>\n\n\n\n<p>En particular, las organizaciones mexicanas reconocieron la realizaci\u00f3n del Di\u00e1logo con las nuevas autoridades como una oportunidad para avanzar en la construcci\u00f3n de di\u00e1logos renovados. Asimismo, expusieron su preocupaci\u00f3n respecto a las reformas constitucionales recientemente aprobadas y que afectan derechos humanos, como la reforma judicial, la desaparici\u00f3n de \u00f3rganos aut\u00f3nomos que garantizaban derechos como el Instituto Nacional de Acceso a la Informaci\u00f3n (INAI), la ampliaci\u00f3n de la prisi\u00f3n preventiva oficiosa y la consolidaci\u00f3n de la militarizaci\u00f3n de la seguridad p\u00fablica y otros aspectos de la vida civil. Se destac\u00f3 la persistencia de la crisis de derechos humanos y el impacto diferenciado en poblaciones hist\u00f3ricamente estigmatizadas o en situaci\u00f3n de vulnerabilidad y exclusi\u00f3n, como lo son las personas defensoras de derechos humanos,&nbsp; periodistas, personas defensoras de tierra, territorio y medio ambiente, poblaci\u00f3n ind\u00edgena, poblaci\u00f3n afrodescendiente, migrantes, solicitantes de asilo, refugiadas, desplazadas internas, ni\u00f1as, ni\u00f1os y adolescentes, mujeres que buscan a personas desaparecidas, poblaci\u00f3n LGBTIQ+ y la diversidad de mujeres.<\/p>\n\n\n\n<p>Por su parte, las organizaciones de la sociedad civil europeas visibilizaron la ocurrencia de violaciones de derechos humanos y desaf\u00edos para la democracia en distintos pa\u00edses de la Uni\u00f3n Europea; y recalcaron la importancia de incluir los derechos humanos en el centro de las pol\u00edticas p\u00fablicas y de cooperaci\u00f3n de la UE, las cuales tienen un impacto para el goce de los derechos humanos en M\u00e9xico en el marco de la relaci\u00f3n bilateral, como lo es el Acuerdo Global, Global Gateway y la Directiva de Debida Diligencia.<\/p>\n\n\n\n<p>As\u00ed, las organizaciones destacaron la importancia de mantener y consolidar el Seminario como un espacio fundamental de di\u00e1logo y construcci\u00f3n de acuerdos con autoridades de Alto Nivel as\u00ed como la petici\u00f3n de incluir a las autoridades de las diversas instituciones -quienes implementan las decisiones- para la garant\u00eda, respeto y protecci\u00f3n de los derechos humanos. Lo anterior frente al cierre del espacio c\u00edvico, la estigmatizaci\u00f3n, represi\u00f3n y criminalizaci\u00f3n en contra de la sociedad civil en a\u00f1os recientes en M\u00e9xico. En este sentido, se emitieron algunas recomendaciones para la consideraci\u00f3n de las autoridades para garantizar el ejercicio efectivo de los derechos humanos y la democracia, haciendo un llamado a fortalecer la cooperaci\u00f3n en este \u00e1mbito.<\/p>\n\n\n\n<p>En respuesta, las autoridades de la UE y M\u00e9xico, reconocieron la importancia del papel de las organizaciones de la sociedad civil en la defensa y promoci\u00f3n de los derechos humanos, as\u00ed como su rol fundamental en el fortalecimiento del Estado de Derecho en ambos lados del Atl\u00e1ntico. Por parte de la representaci\u00f3n del gobierno mexicano, si bien se reconocieron retos en diversos \u00e1mbitos, sostuvieron que las reformas constitucionales sobre el Poder Judicial y los \u00f3rganos aut\u00f3nomos no impactan negativamente los derechos humanos. Sin perjuicio de ello, el Subsecretario de Asuntos Multilaterales asumi\u00f3 el compromiso de sostener una reuni\u00f3n en M\u00e9xico con las organizaciones para dar seguimiento a estos temas y preocupaciones.<\/p>\n\n\n\n<p>Como resultado del Di\u00e1logo, las autoridades de ambas partes informaron a las organizaciones que abordaron las preocupaciones vertidas en los diversos temas, entre ellas lo relativo a la reforma judicial, y destacando la importancia de la colaboraci\u00f3n bilateral y de sostener un di\u00e1logo constante en esta materia.&nbsp;&nbsp;&nbsp;<\/p>\n\n\n\n<p>Las organizaciones de la sociedad civil reconocieron que el Seminario es un espacio valioso, ejemplar para Di\u00e1logos similares que sostiene la UE con otros pa\u00edses de la regi\u00f3n, por lo que debe consolidarse como un espacio que trascienda en las conversaciones y acuerdos asumidos por las autoridades para enfrentar los desaf\u00edos espec\u00edficos en materia de derechos humanos en M\u00e9xico y el fortalecimiento de la cooperaci\u00f3n internacional con la UE. Para ello, resaltaron que es fundamental la participaci\u00f3n en el Seminario de autoridades de instituciones que tienen entre sus principales responsabilidades el abordaje de la situaci\u00f3n de derechos humanos y la implementaci\u00f3n de pol\u00edticas en la materia; as\u00ed como que puedan proveer de informaci\u00f3n puntual y actualizada sobre las tem\u00e1ticas que se abordan.<\/p>\n\n\n\n<p>Finalmente, las organizaciones de la sociedad civil externaron su confianza en que los recientes cambios de las representaciones de M\u00e9xico y Uni\u00f3n Europea podr\u00edan constituir una oportunidad para generar espacios de escucha, di\u00e1logo e interlocuci\u00f3n que permitan construir una ruta de trabajo donde v\u00edctimas de violaciones de derechos humanos y el respeto a su dignidad sea el centro.<\/p>\n\n\n\n<p>FIRMAS<\/p>\n\n\n\n<p>Article 19 Oficina para M\u00e9xico y Centroam\u00e9rica<br>Centro de Derechos Humanos Fray Bartolom\u00e9 de las Casas A.C.<br>CIMAC, Comunicaci\u00f3n e Informaci\u00f3n de la Mujer A.C.<br>EQUIS Justicia para las Mujeres<br>Fundaci\u00f3n Arcoiris por el respeto a la diversidad sexual A.C.<br>Instituto para las Mujeres en la Migraci\u00f3n, AC (IMUMI)<br>PODER, Proyecto sobre Organizaci\u00f3n, Desarrollo, Educaci\u00f3n e Investigaci\u00f3n<br>SERAPAZ, Servicios y Asesor\u00eda para la Paz, A.C.<br>Tejiendo Redes Infancia en Am\u00e9rica Latina y el Caribe A.C.<\/p>\n\n\n\n<hr class=\"wp-block-separator has-alpha-channel-opacity\"\/>\n\n\n\n<p><a href=\"#_ftnref1\" id=\"_ftn1\"><sup>[1]<\/sup><\/a> Las organizaciones participantes por el lado mexicano fueron, por orden alfab\u00e9tico: Amnist\u00eda Internacional M\u00e9xico, ARTICLE 19 Oficina para M\u00e9xico y Centroam\u00e9rica, CDH Fray Bartolom\u00e9 de las Casas, CIMAC, EQUIS Justicia para las Mujeres, Fundaci\u00f3n Arcoiris por el respeto a la diversidad sexual, Instituto para las Mujeres en la Migraci\u00f3n, AC (IMUMI), Serapaz, Tejiendo Redes Infancia en Am\u00e9rica Latina y el Caribe. Por la parte europea, participaron DMRKM, EULAT Network, OMCT, Taula per M\u00e8xic, Plataforma por la Paz y los Derechos Humanos M\u00e9xico-Uni\u00f3n europea, FIDH, Open Arms, Article 19 Pa\u00edses Bajos, Ir\u00eddia Centre per la Defensa dels Drets Humans, OXFAM International EU Office, Protect Defenders EU.<\/p>\n\n\n\n<p><strong>ANEXO: RECOMENDACIONES PRESENTADAS POR LAS ORGANIZACIONES MEXICANAS A LA UNI\u00d3N EUROPEA Y M\u00c9XICO DURANTE EL DI\u00c1LOGO DE ALTO NIVEL<\/strong><\/p>\n\n\n\n<p><\/p>\n\n\n\n<p><strong>ESTADO DE DERECHO<\/strong><\/p>\n\n\n\n<p>Recomendaciones a M\u00e9xico:<\/p>\n\n\n\n<ol start=\"1\" class=\"wp-block-list\">\n<li>Revisar la pol\u00edtica de seguridad p\u00fablica para establecer controles para supervisar a la Guardia Nacional y a otros elementos militares que realizan tareas en este \u00e1mbito, particularmente asegurando la rendici\u00f3n de cuentas en casos de uso excesivo de la fuerza y para fortalecer a las polic\u00edas civiles.<\/li>\n\n\n\n<li>Tomar acciones para combatir la impunidad, fortaleciendo las fiscal\u00edas a nivel federal y estatal; as\u00ed como garantizar que la implementaci\u00f3n de la reforma judicial no termine por debilitar la independencia de la judicatura, particularmente en el marco de la elecci\u00f3n por voto popular de juezas y jueces.<\/li>\n<\/ol>\n\n\n\n<p>Recomendaciones a la Uni\u00f3n Europea:<\/p>\n\n\n\n<ol start=\"1\" class=\"wp-block-list\">\n<li>Brindar a M\u00e9xico asistencia t\u00e9cnica y financiera para el fortalecimiento de las polic\u00edas civiles; y a las organizaciones de la sociedad civil para que contin\u00faen llevando a cabo sus labores de defensa de derechos humanos, particularmente en el contexto del debilitamiento del Estado de Derecho.<\/li>\n\n\n\n<li>Adoptar medidas para garantizar el mantenimiento de la institucionalidad democr\u00e1tica y fortalecer acciones para combatir la reducci\u00f3n del espacio c\u00edvico en los pa\u00edses de la Uni\u00f3n, garantizando la habilitaci\u00f3n de los actores sociales y especialmente de las organizaciones para ejercer el derecho a defender los derechos humanos.<\/li>\n<\/ol>\n\n\n\n<p><\/p>\n\n\n\n<p><strong>CORRUPCI\u00d3N, IMPUNIDAD, ACCESO A LA JUSTICIA<\/strong><\/p>\n\n\n\n<p>Recomendaciones a M\u00e9xico:<\/p>\n\n\n\n<ol start=\"1\" class=\"wp-block-list\">\n<li>Reformar la Ley de la Fiscal\u00eda General de la Rep\u00fablica, ajust\u00e1ndola a los par\u00e1metros de la anterior ley, a fin de que sienten las bases en su autonom\u00eda y la independencia t\u00e9cnica de las personas operadoras.<\/li>\n\n\n\n<li>Reajustar la asignaci\u00f3n presupuestal para atender el desequilibrio operativo entre las fiscal\u00edas, asesor\u00edas jur\u00eddicas, defensor\u00edas p\u00fablicas, servicios periciales y polic\u00edas de investigaci\u00f3n.<\/li>\n\n\n\n<li>Adoptar una pol\u00edtica de reconocimiento de la jurisdicci\u00f3n ind\u00edgena que permee en fiscal\u00edas, defensor\u00edas y poderes judiciales de todos los \u00e1mbitos; estableciendo mecanismos de coordinaci\u00f3n entre sistemas de justicia (estadual e ind\u00edgena).<\/li>\n<\/ol>\n\n\n\n<p>Recomendaciones a la Uni\u00f3n Europea:<\/p>\n\n\n\n<ol start=\"1\" class=\"wp-block-list\">\n<li>Brindar asistencia t\u00e9cnica y financiera en materia de cooperaci\u00f3n internacional para contribuir a fortalecer mecanismos de prevenci\u00f3n, atenci\u00f3n a v\u00edctimas, investigaci\u00f3n, sanci\u00f3n y reparaci\u00f3n integral de violaciones a derechos humanos.<\/li>\n<\/ol>\n\n\n\n<p><\/p>\n\n\n\n<p><strong>GRAVES VIOLACIONES DE DERECHOS HUMANOS: TORTURA Y DESAPARICIONES<\/strong><\/p>\n\n\n\n<p>Recomendaciones a M\u00e9xico:<\/p>\n\n\n\n<ol start=\"1\" class=\"wp-block-list\">\n<li>Implementar de manera completa e inmediata la Ley General en Materia de Desaparici\u00f3n Forzada de Personas, Desaparici\u00f3n Cometida por Particulares y del Sistema Nacional de B\u00fasquedas de Personas (SNB).<\/li>\n\n\n\n<li>Acompa\u00f1ar el dise\u00f1o y la implementaci\u00f3n por parte de la Fiscal\u00eda General de la Rep\u00fablica (FGR) del Banco Nacional de Datos Forenses y del Programa Nacional de Exhumaciones e Identificaci\u00f3n Forense (PNEIF).<\/li>\n\n\n\n<li>Asignar presupuesto suficiente para que las fiscal\u00edas especializadas cuenten con recursos materiales, tecnol\u00f3gicos y personal capacitado necesario para realizar las tareas de investigaci\u00f3n;<\/li>\n<\/ol>\n\n\n\n<p>Recomendaciones a la Uni\u00f3n Europea:<\/p>\n\n\n\n<ol start=\"1\" class=\"wp-block-list\">\n<li>Continuar apoyando proyectos que documentan, visibilizan y presentan a instancias judiciales nacionales e internacionales las graves violaciones de derechos humanos. As\u00ed como respaldar los pronunciamientos de las organizaciones de sociedad civil advirtiendo los contextos y condiciones que pueden aumentar o agudizar la violencia en el territorio.<\/li>\n\n\n\n<li>Revisar y fortalecer, con transparencia y participaci\u00f3n de los colectivos de familiares y organizaciones acompa\u00f1antes, los proyectos de cooperaci\u00f3n t\u00e9cnica entre la Uni\u00f3n Europea, diversos gobiernos Estados miembros y el gobierno mexicano en materia de desaparici\u00f3n de personas e identificaci\u00f3n forense, para asegurarse de que tengan un impacto positivo medible y corroborable.<\/li>\n<\/ol>\n\n\n\n<p><\/p>\n\n\n\n<p><strong>PERSONAS DEFENSORAS Y DERECHOS HUMANOS<\/strong><\/p>\n\n\n\n<p>Recomendaciones a M\u00e9xico:<\/p>\n\n\n\n<ol start=\"1\" class=\"wp-block-list\">\n<li>Continuar con la construcci\u00f3n, dise\u00f1o e implementaci\u00f3n de una ruta de trabajo colaborativa con organizaciones de la sociedad civil y organismos internacionales de derechos humanos para fortalecer al Mecanismo de Protecci\u00f3n para Personas Defensoras y Periodistas que camine hacia una pol\u00edtica p\u00fablica de protecci\u00f3n integral (prevenci\u00f3n, protecci\u00f3n, investigaci\u00f3n, sanci\u00f3n y reparaci\u00f3n integral con perspectiva de g\u00e9nero y enfoque diferencial)<\/li>\n\n\n\n<li>La investigaci\u00f3n diligente y exhaustiva del asesinato del p\u00e1rroco Marcelo P\u00e9rez P\u00e9rez, tomando en cuenta su calidad de defensor de los derechos humanos, al igual que la investigaci\u00f3n de todas las agresiones a personas defensoras y periodistas por su labor.<\/li>\n\n\n\n<li>Elaborar e implementar una pol\u00edtica diferenciada y espec\u00edfica para la protecci\u00f3n de familiares de personas desaparecidas, con enfoque de g\u00e9nero y despliegue territorial, en amplia consulta con las familias, organizaciones acompa\u00f1antes y personas expertas.<\/li>\n<\/ol>\n\n\n\n<p>Recomendaciones a la Uni\u00f3n Europea:<\/p>\n\n\n\n<ol start=\"1\" class=\"wp-block-list\">\n<li>Apoyar proyectos, asistencia t\u00e9cnica y programas encaminados a la creaci\u00f3n de una pol\u00edtica p\u00fablica integral de protecci\u00f3n de personas defensoras y periodistas.<\/li>\n\n\n\n<li>Pronunciarse p\u00fablicamente de manera preventiva ante la aprobaci\u00f3n de reformas que impactan negativamente el ejercicio de la libertad de expresi\u00f3n y a defender derechos, as\u00ed como en la necesidad de investigaciones exhaustivas, expeditas e independientes, con la adecuada aplicaci\u00f3n del enfoque diferencial, de derechos humanos y perspectiva de g\u00e9nero.<\/li>\n\n\n\n<li>Incentivar a las representaciones diplom\u00e1ticas de la Uni\u00f3n Europea a sumarse a la iniciativa Protejamos sus voces para adoptar a personas defensoras y periodistas en riesgo, as\u00ed como fortalecer las acciones de visibilidad de largo aliento que contribuyan a inhibir las agresiones, as\u00ed como realizar actividades para aumentar capacidades de las personas defensoras, prever medidas ante situaciones de emergencia, por ejemplo, la acogida temporal de personas defensoras en pa\u00edses de la Uni\u00f3n Europea.<\/li>\n<\/ol>\n\n\n\n<p><\/p>\n\n\n\n<p><strong>MOVILIDAD HUMANA: MIGRACI\u00d3N Y DESPLAZAMIENTO FORZADO INTERNO<\/strong><\/p>\n\n\n\n<p>Recomendaciones a M\u00e9xico:<\/p>\n\n\n\n<ol start=\"1\" class=\"wp-block-list\">\n<li>Eliminar las disposiciones de la Ley de Migraci\u00f3n encaminadas a las revisiones migratorias, tal y como lo establece la Suprema Corte de Justicia de la Naci\u00f3n. Espec\u00edficamente se requiere la derogaci\u00f3n del art\u00edculo 97 y 98.<\/li>\n\n\n\n<li>Implementar campa\u00f1as de sensibilizaci\u00f3n dirigidas a la poblaci\u00f3n de acogida sobre los derechos y contribuciones de las personas en situaci\u00f3n de movilidad, promoviendo la convivencia pac\u00edfica y la integraci\u00f3n, particularmente en las zonas cercanas a los espacios de atenci\u00f3n o concentraci\u00f3n de personas en movilidad humana.<\/li>\n\n\n\n<li>Fortalecer las pol\u00edticas p\u00fablicas que prevengan y sancionen actos de xenofobia y discriminaci\u00f3n.<\/li>\n\n\n\n<li>Eliminar la privaci\u00f3n de la libertad por razones migratorias y fortalecer las alternativas a la detenci\u00f3n basadas en la comunidad.<\/li>\n\n\n\n<li>Reconocimiento amplio de todo el Estado mexicano de la problem\u00e1tica del desplazamiento forzado interno, su tipificaci\u00f3n como delito a nivel nacional, identificando las violaciones a derechos humanos en especial de los pueblos ind\u00edgenas, y que agilice la aprobaci\u00f3n inmediata de una Ley General en Materia de Desplazamiento Forzado.<\/li>\n\n\n\n<li>Retome los est\u00e1ndares internacionales de asistencia humanitaria eficaz y eficiente, y dise\u00f1e una estrategia nacional de prevenci\u00f3n integral del desplazamiento, que aborde las causas estructurales, integre y coordine todos los programas, y que cuente con el presupuesto suficiente para su cumplimiento.<\/li>\n<\/ol>\n\n\n\n<p>Recomendaciones a la Uni\u00f3n Europea:<\/p>\n\n\n\n<ol start=\"1\" class=\"wp-block-list\">\n<li>Apoyar proyectos, asistencia t\u00e9cnica y programas encaminados a la creaci\u00f3n de una Ley General en Materia de Desplazamiento Forzado.<\/li>\n\n\n\n<li>Otorgar financiamiento flexible, no atado a proyectos y multianual destinado a las organizaciones de la sociedad civil local y albergues que promuevan soluciones duraderas para las personas migrantes en M\u00e9xico.<\/li>\n\n\n\n<li>Abstenerse de externalizar el control migratorio a terceros pa\u00edses.<\/li>\n<\/ol>\n\n\n\n<p><\/p>\n\n\n\n<p><strong>ERRADICACI\u00d3N DE LA POBREZA Y DESCA<\/strong><\/p>\n\n\n\n<p>Recomendaciones a M\u00e9xico:<\/p>\n\n\n\n<ol start=\"1\" class=\"wp-block-list\">\n<li>En un \u00e1mbito de democracia, paz, justicia, b\u00fasqueda de soluciones y abordaje de brechas existentes en cuanto a la protecci\u00f3n de los DESCA y su justiciabilidad, en el marco de las actividades empresariales, el Estado mexicano deber\u00e1 ratificar el Protocolo Facultativo del PIDESC para el intercambio, dar seguimiento a recomendaciones, investigaciones y comunicaciones de este honorable Comit\u00e9.<\/li>\n\n\n\n<li>Al haber grandes brechas para el respeto a los DESCA en las actividades empresariales p\u00fablicas, estatales, privadas y mixtas, el Estado mexicano deber\u00e1 desarrollar el marco regulatorio sobre la responsabilidad jur\u00eddica corporativa que deber\u00e1 contar con:<\/li>\n<\/ol>\n\n\n\n<ol start=\"1\" class=\"wp-block-list\">\n<li>los mecanismos efectivos para prevenir y&nbsp; mitigar los abusos y violaciones a los DESCA e impactos negativos al medio ambiente as\u00ed como para remediar y reparar integralmente los da\u00f1os causados;<\/li>\n\n\n\n<li>la responsabilidad de las empresas nacionales y transnacionales, p\u00fablicas, privadas y mixtas operando en M\u00e9xico;<\/li>\n\n\n\n<li>con sanciones efectivas y proporcionales al da\u00f1o; y 4. ser desarrollada y monitoreada en conjunto con las personas titulares de derechos, v\u00edctimas y la sociedad civil especializada.<\/li>\n<\/ol>\n\n\n\n<p>3. Desarrollar un marco regulatorio con mecanismos de implementaci\u00f3n de sistemas de protecci\u00f3n de los derechos humanos de manera transversal en el sistema financiero mexicano con participaci\u00f3n efectiva de titulares de derechos y organizaciones de la sociedad civil especializada y reconocida en materia de derechos humanos y actividad empresarial en el desarrollo, monitoreo y evaluaci\u00f3n del mismo.<\/p>\n\n\n\n<p>4. Proteger y garantizar los derechos humanos al agua, al medio ambiente sano y a la salud tomando todas las medidas necesarias de car\u00e1cter precautorio, legal, econ\u00f3mico y de pol\u00edtica p\u00fablica para evitar que las fuentes de agua sean sobreexplotadas y contaminadas por actividades industriales, extractivas y agroindustriales, y asegurando que los actores estatales y no estatales prevengan los da\u00f1os ambientales severos e irreversibles que repercuten en otros derechos humanos y se responsabilicen de la reparaci\u00f3n integral del da\u00f1o.<\/p>\n\n\n\n<p><\/p>\n\n\n\n<p><strong>IGUALDAD DE G\u00c9NERO: MUJERES Y CUIDADOS<\/strong><\/p>\n\n\n\n<p>Recomendaciones a M\u00e9xico:<\/p>\n\n\n\n<ol start=\"1\" class=\"wp-block-list\">\n<li>Impulsar la prevenci\u00f3n de la violencia basada en g\u00e9nero, garantizar recursos econ\u00f3micos, humanos y materiales para su atenci\u00f3n, as\u00ed como el acceso a la justicia y la reparaci\u00f3n integral del da\u00f1o para las v\u00edctimas, en particular a trav\u00e9s del Mecanismo de Apoyo Exterior de B\u00fasqueda e Investigaci\u00f3n para quienes est\u00e1n en situaci\u00f3n de movilidad humana.<\/li>\n\n\n\n<li>Enriquecer la oferta de servicios postpenales para las mujeres liberadas de prisi\u00f3n que tengan en cuenta sus necesidades de g\u00e9nero.<\/li>\n\n\n\n<li>Impulsar la aprobaci\u00f3n de la Ley para la creaci\u00f3n del Sistema Nacional de Cuidados y acelerar su desarrollo.<\/li>\n<\/ol>\n\n\n\n<p>Recomendaciones a la Uni\u00f3n Europea:<\/p>\n\n\n\n<ol start=\"1\" class=\"wp-block-list\">\n<li>Incentivar y fortalecer proyectos para la prevenci\u00f3n de las violencias contra las mujeres, ni\u00f1as y adolescentes y que favorezcan el acceso a la justicia, incluida la asistencia t\u00e9cnica para las instituciones y dependencias gubernamentales.<\/li>\n\n\n\n<li>Impulsar el desarrollo del Sistema Nacional de Cuidados, incluida la asistencia t\u00e9cnica para las instituciones y dependencias gubernamentales, as\u00ed como la veedur\u00eda de las organizaciones.<\/li>\n<\/ol>\n\n\n\n<p><\/p>\n\n\n\n<p><strong>EMPRESAS Y DERECHOS HUMANOS<\/strong><\/p>\n\n\n\n<p>Recomendaciones a M\u00e9xico:<\/p>\n\n\n\n<ol start=\"1\" class=\"wp-block-list\">\n<li>Desarrolle una Ley de Responsabilidad Jur\u00eddica Corporativa, incluyendo la obligaci\u00f3n de implementar mecanismos de diligencia debida en derechos humanos y ambientales para las actividades empresariales y mecanismos de sanci\u00f3n y reparaci\u00f3n integral del da\u00f1o con participaci\u00f3n inclusiva de titulares de derechos humanos bajo los est\u00e1ndares internacionales, la Declaraci\u00f3n Universal de Derechos Humanos, los Principios Rectores sobre Empresas y Derechos Humanos de la ONU, el Comentario General 24 del CDESC de la ONU, entre otros, en donde se garantice una mejor manera de hacer negocios respetando y garantizando los DDHH, incluyendo al medio ambiente sano.<\/li>\n<\/ol>\n\n\n\n<p>Recomendaciones a la Uni\u00f3n Europea:<\/p>\n\n\n\n<ol start=\"1\" class=\"wp-block-list\">\n<li>Implementar&nbsp; normas vinculantes para las empresas transnacionales en el \u00e1mbito de los derechos humanos, abrir espacio para la participaci\u00f3n de la sociedad civil mexicana en el desarrollo, implementaci\u00f3n y monitoreo de regulaci\u00f3n sobre debida diligencia y detener las obras financiadas con recursos europeos que no han realizado evaluaciones de impacto en derechos humanos, ambientales, consentimiento y consulta previa, libre, informada, culturalmente adecuada y de buena fe, hasta que \u00e9stas se lleven a cabo, se reparen los da\u00f1os actuales y se aborden los potenciales, as\u00ed como cancelar las obras que causaron da\u00f1os irreversibles a la vida de personas defensoras y periodistas, al medio ambiente y a otros derechos humanos.<\/li>\n<\/ol>\n\n\n\n<p><\/p>\n\n\n\n<p><strong>NUEVAS TECNOLOG\u00cdAS<\/strong><\/p>\n\n\n\n<p>Recomendaciones a M\u00e9xico:<\/p>\n\n\n\n<p>1. &nbsp; Prohibir el despliegue de sistemas de videovigilancia con reconocimiento facial en el espacio p\u00fablico; adherirse a la moratoria en la adquisici\u00f3n y uso de tecnolog\u00edas de vigilancia; esclarecer los hechos de vigilancia ilegal que han sido documentados y sancionar a los responsables; llevar a cabo las reformas necesarias para asegurar que la adquisici\u00f3n y uso de tecnolog\u00edas de vigilancia se encuentre apegada a los est\u00e1ndares de derechos humanos; garantizar participaci\u00f3n multi-actor sustantiva en ejercicios de parlamento abierto para discutir regulaciones alrededor de las tecnolog\u00edas en manos del poder p\u00fablico; evitar apelar al tecno-solucionismo para resolver problemas sociales a costa de la privacidad y derechos fundamentales; evitar criminalizar actividades leg\u00edtimas y cotidianas en una sociedad digital; asegurar que toda pol\u00edtica y pr\u00e1ctica gubernamental que implique el uso de las tecnolog\u00edas cumpla con los criterios de legalidad, necesidad, proporcionalidad e idoneidad; actualizar el marco legal de Protecci\u00f3n de Datos Personales para incluir derechos y principios modernos, como la explicabilidad en decisiones automatizadas, as\u00ed como fortalecer las capacidades de la ciudadan\u00eda en el ejercicio de sus derechos de acceso, rectificaci\u00f3n, cancelaci\u00f3n y oposici\u00f3n al tratamiento de sus datos personales en manos de sujetos obligados y particulares.<\/p>\n\n\n\n<p>Recomendaciones a la Uni\u00f3n Europea:<\/p>\n\n\n\n<p>1. &nbsp; Brindar asistencia t\u00e9cnica y financiera para el desarrollo de regulaciones adecuadas en derechos humanos y tecnolog\u00eda.<\/p>\n","protected":false},"excerpt":{"rendered":"<p>Bolet\u00edn de prensa Bruselas, diciembre 2024 El pasado 13 de diciembre de 2024 tuvo lugar en Bruselas, B\u00e9lgica, el XII Di\u00e1logo de Alto Nivel sobre derechos<span class=\"excerpt-hellip\"> [\u2026]<\/span><\/p>\n","protected":false},"author":1,"featured_media":3137,"comment_status":"open","ping_status":"closed","sticky":false,"template":"","format":"standard","meta":{"_acf_changed":false,"footnotes":""},"categories":[18],"tags":[],"class_list":["post-3132","post","type-post","status-publish","format-standard","has-post-thumbnail","hentry","category-sala-de-prensa"],"acf":[],"_links":{"self":[{"href":"https:\/\/tejiendoredesinfancia.org\/pt_br\/wp-json\/wp\/v2\/posts\/3132","targetHints":{"allow":["GET"]}}],"collection":[{"href":"https:\/\/tejiendoredesinfancia.org\/pt_br\/wp-json\/wp\/v2\/posts"}],"about":[{"href":"https:\/\/tejiendoredesinfancia.org\/pt_br\/wp-json\/wp\/v2\/types\/post"}],"author":[{"embeddable":true,"href":"https:\/\/tejiendoredesinfancia.org\/pt_br\/wp-json\/wp\/v2\/users\/1"}],"replies":[{"embeddable":true,"href":"https:\/\/tejiendoredesinfancia.org\/pt_br\/wp-json\/wp\/v2\/comments?post=3132"}],"version-history":[{"count":6,"href":"https:\/\/tejiendoredesinfancia.org\/pt_br\/wp-json\/wp\/v2\/posts\/3132\/revisions"}],"predecessor-version":[{"id":3141,"href":"https:\/\/tejiendoredesinfancia.org\/pt_br\/wp-json\/wp\/v2\/posts\/3132\/revisions\/3141"}],"wp:featuredmedia":[{"embeddable":true,"href":"https:\/\/tejiendoredesinfancia.org\/pt_br\/wp-json\/wp\/v2\/media\/3137"}],"wp:attachment":[{"href":"https:\/\/tejiendoredesinfancia.org\/pt_br\/wp-json\/wp\/v2\/media?parent=3132"}],"wp:term":[{"taxonomy":"category","embeddable":true,"href":"https:\/\/tejiendoredesinfancia.org\/pt_br\/wp-json\/wp\/v2\/categories?post=3132"},{"taxonomy":"post_tag","embeddable":true,"href":"https:\/\/tejiendoredesinfancia.org\/pt_br\/wp-json\/wp\/v2\/tags?post=3132"}],"curies":[{"name":"wp","href":"https:\/\/api.w.org\/{rel}","templated":true}]}}