{"id":3160,"date":"2025-03-24T13:37:44","date_gmt":"2025-03-24T19:37:44","guid":{"rendered":"https:\/\/tejiendoredesinfancia.org\/?p=3160"},"modified":"2025-07-10T14:04:46","modified_gmt":"2025-07-10T20:04:46","slug":"informe-anual-2023","status":"publish","type":"post","link":"https:\/\/tejiendoredesinfancia.org\/pt_br\/documentos-institucionales\/informe-anual-2023\/","title":{"rendered":"Informe anual 2023. Di\u00e1logos intergeneracionales y resiliencia por los derechos de la ni\u00f1ez y la juventud"},"content":{"rendered":"<p><em>Tejiendo Redes Infancia en Am\u00e9rica Latina y el Caribe comenz\u00f3 en 2016 con la misi\u00f3n de fortalecer la defensa y promoci\u00f3n de los derechos de ni\u00f1as, ni\u00f1os y adolescentes en nuestra regi\u00f3n. Desde entonces, hemos trabajado incansablemente para generar cambios significativos en las pol\u00edticas p\u00fablicas y en las estructuras sociales, enfoc\u00e1ndonos en el fortalecimiento organizacional de las coaliciones de la sociedad civil. A trav\u00e9s de articulaciones multisectoriales y la promoci\u00f3n de la participaci\u00f3n infantil en entornos digitales y comunitarios, hemos avanzado en la construcci\u00f3n de un futuro m\u00e1s equitativo para la ni\u00f1ez.<\/em><\/p>\n\n\n\n<p><em>Durante estos a\u00f1os, hemos gestionado con \u00e9xito cooperaci\u00f3n internacional con el apoyo de la Uni\u00f3n Europea, la Asociaci\u00f3n Sueca para el Desarrollo Internacional (ASDI) y otras entidades globales. Este respaldo ha sido fundamental para alcanzar nuestros objetivos y para construir una red s\u00f3lida de actores comprometidos con la justicia social.<\/em><\/p>\n\n\n\n<p><em>Hoy, en un contexto global marcado por la reducci\u00f3n de la cooperaci\u00f3n internacional, el cierre de espacios c\u00edvicos y los conflictos en Europa oriental, \u00c1frica y el Medio Oriente, damos un paso audaz hacia nuestra sostenibilidad al constituirnos legalmente en M\u00e9xico. Este movimiento no solo refuerza nuestra independencia, sino que tambi\u00e9n reafirma nuestro compromiso de seguir liderando la promoci\u00f3n de los derechos de la ni\u00f1ez en la regi\u00f3n.<\/em><\/p>\n\n\n\n<p><em>Nuestra formalizaci\u00f3n en M\u00e9xico simboliza la resiliencia y la determinaci\u00f3n de Tejiendo Redes Infancia para continuar tejiendo redes de esperanza y justicia, asegurando que nuestra misi\u00f3n perdure y prospere en medio de la adversidad global.<\/em><\/p>\n\n\n\n<p><strong>Isabel Crowley<\/strong><\/p>\n\n\n\n<p><strong>Presidenta de Tejiendo Redes Infancia<\/strong><\/p>\n\n\n\n<div data-wp-interactive=\"core\/file\" class=\"wp-block-file\"><object data-wp-bind--hidden=\"!state.hasPdfPreview\" hidden class=\"wp-block-file__embed\" data=\"https:\/\/tejiendoredesinfancia.org\/wp-content\/uploads\/2025\/03\/Informe-anual-2023_TRILAC.pdf\" type=\"application\/pdf\" style=\"width:100%;height:600px\" aria-label=\"Incorporado de Informe anual 2023_TRILAC.\"><\/object><a id=\"wp-block-file--media-1aae5e19-71e3-4a25-af80-3c68416b02e4\" href=\"https:\/\/tejiendoredesinfancia.org\/wp-content\/uploads\/2025\/03\/Informe-anual-2023_TRILAC.pdf\">Informe anual 2023_TRILAC<\/a><a href=\"https:\/\/tejiendoredesinfancia.org\/wp-content\/uploads\/2025\/03\/Informe-anual-2023_TRILAC.pdf\" class=\"wp-block-file__button wp-element-button\" download aria-describedby=\"wp-block-file--media-1aae5e19-71e3-4a25-af80-3c68416b02e4\">Descarga<\/a><\/div>\n\n\n\n<p><\/p>","protected":false},"excerpt":{"rendered":"<p>Tejiendo Redes Infancia en Am\u00e9rica Latina y el Caribe comenz\u00f3 en 2016 con la misi\u00f3n de fortalecer la defensa y promoci\u00f3n de los derechos de ni\u00f1as,<span class=\"excerpt-hellip\"> [\u2026]<\/span><\/p>\n","protected":false},"author":1,"featured_media":3124,"comment_status":"open","ping_status":"closed","sticky":false,"template":"","format":"standard","meta":{"_acf_changed":false,"footnotes":""},"categories":[213],"tags":[],"class_list":["post-3160","post","type-post","status-publish","format-standard","has-post-thumbnail","hentry","category-documentos-institucionales"],"acf":[],"_links":{"self":[{"href":"https:\/\/tejiendoredesinfancia.org\/pt_br\/wp-json\/wp\/v2\/posts\/3160","targetHints":{"allow":["GET"]}}],"collection":[{"href":"https:\/\/tejiendoredesinfancia.org\/pt_br\/wp-json\/wp\/v2\/posts"}],"about":[{"href":"https:\/\/tejiendoredesinfancia.org\/pt_br\/wp-json\/wp\/v2\/types\/post"}],"author":[{"embeddable":true,"href":"https:\/\/tejiendoredesinfancia.org\/pt_br\/wp-json\/wp\/v2\/users\/1"}],"replies":[{"embeddable":true,"href":"https:\/\/tejiendoredesinfancia.org\/pt_br\/wp-json\/wp\/v2\/comments?post=3160"}],"version-history":[{"count":1,"href":"https:\/\/tejiendoredesinfancia.org\/pt_br\/wp-json\/wp\/v2\/posts\/3160\/revisions"}],"predecessor-version":[{"id":3162,"href":"https:\/\/tejiendoredesinfancia.org\/pt_br\/wp-json\/wp\/v2\/posts\/3160\/revisions\/3162"}],"wp:featuredmedia":[{"embeddable":true,"href":"https:\/\/tejiendoredesinfancia.org\/pt_br\/wp-json\/wp\/v2\/media\/3124"}],"wp:attachment":[{"href":"https:\/\/tejiendoredesinfancia.org\/pt_br\/wp-json\/wp\/v2\/media?parent=3160"}],"wp:term":[{"taxonomy":"category","embeddable":true,"href":"https:\/\/tejiendoredesinfancia.org\/pt_br\/wp-json\/wp\/v2\/categories?post=3160"},{"taxonomy":"post_tag","embeddable":true,"href":"https:\/\/tejiendoredesinfancia.org\/pt_br\/wp-json\/wp\/v2\/tags?post=3160"}],"curies":[{"name":"wp","href":"https:\/\/api.w.org\/{rel}","templated":true}]}}