{"id":3889,"date":"2025-06-04T14:38:59","date_gmt":"2025-06-04T20:38:59","guid":{"rendered":"https:\/\/tejiendoredesinfancia.org\/?p=3889"},"modified":"2025-07-07T19:50:56","modified_gmt":"2025-07-08T01:50:56","slug":"semillas-digitales-y-comunitarias-de-ninas-poderosas","status":"publish","type":"post","link":"https:\/\/tejiendoredesinfancia.org\/pt_br\/ninaspoderosas\/publicaciones-np\/semillas-digitales-y-comunitarias-de-ninas-poderosas\/","title":{"rendered":"Semillas Digitales y Comunitarias de Ni\u00f1as Poderosas"},"content":{"rendered":"<p>Las Semillas Digitales y Comunitarias son iniciativas de incidencia, dise\u00f1adas en el marco del proyecto Ni\u00f1as Poderosas de Tejiendo Redes infancia, para ser implementadas en diversos contextos, con el objetivo de fortalecer la capacidad de las adolescentes, j\u00f3venes y organizaciones de la sociedad civil en el uso estrat\u00e9gico de datos con enfoque de g\u00e9nero y herramientas de infoactivismo digital.<\/p>\n\n\n\n<p>Estas iniciativas buscan generar acciones concretas para abordar problem\u00e1ticas sociales, con especial \u00e9nfasis en la violencia de g\u00e9nero, el acceso a la educaci\u00f3n y el empoderamiento de ni\u00f1as y adolescentes. Cada semilla se desarrolla a partir de un proceso de aprendizaje y reflexi\u00f3n, en el que las participantes dise\u00f1an estrategias innovadoras para incidir en sus comunidades. Algunas iniciativas tienen un componente digital, mientras que otras se implementan en terreno y posteriormente se documentan y sistematizan para su difusi\u00f3n. A trav\u00e9s de espacios de mentor\u00eda y retroalimentaci\u00f3n, se fomenta la colaboraci\u00f3n y el fortalecimiento de redes de acci\u00f3n, promoviendo un impacto sostenible y replicable en distintos contextos<\/p>\n\n\n        <div id=\"ep-gutenberg-content-85176f2e13bc16d29722fec8610d5316\" class=\"ep-gutenberg-content aligncenter ep-percentage-width   ep-content-protection-disabled\">\n            <div class=\"embedpress-inner-iframe emebedpress-unit-percent ep-doc-85176f2e13bc16d29722fec8610d5316\" style=\"max-width:600%\" id=\"embedpress-pdf-1749069396143\">\n                <div >\n                    <div class=\"ep-embed-content-wraper\"><div class=\"position-right-wraper gutenberg-pdf-wraper\"><iframe title=\"Semillas digitales (1)\" class=\"embedpress-embed-document-pdf embedpress-pdf-1749069396143\" style=\"width:600%;height:600px; max-width:100%; display: inline-block\" src=\"https:\/\/tejiendoredesinfancia.org\/wp-admin\/admin-ajax.php?action=get_flipbook_viewer&#038;file=https%3A%2F%2Ftejiendoredesinfancia.org%2Fwp-content%2Fuploads%2F2025%2F06%2FSemillas-digitales-1.pdf&#038;key=dGhlbWVNb2RlPWRlZmF1bHQmdG9vbGJhcj10cnVlJnBvc2l0aW9uPXRvcCZwcmVzZW50YXRpb249dHJ1ZSZsYXp5TG9hZD1mYWxzZSZkb3dubG9hZD10cnVlJmNvcHlfdGV4dD10cnVlJmFkZF90ZXh0PXRydWUmZHJhdz10cnVlJmRvY19yb3RhdGlvbj10cnVlJmFkZF9pbWFnZT10cnVlJmRvY19kZXRhaWxzPXRydWUmem9vbV9pbj10cnVlJnpvb21fb3V0PXRydWUmZml0X3ZpZXc9dHJ1ZSZib29rbWFyaz10cnVlJmZsaXBib29rX3Rvb2xiYXJfcG9zaXRpb249Ym90dG9tJnNlbGVjdGlvbl90b29sPTAmc2Nyb2xsaW5nPS0xJnNwcmVhZHM9LTEmd2F0ZXJtYXJrX3RleHQ9JndhdGVybWFya19mb250X3NpemU9NDgmd2F0ZXJtYXJrX2NvbG9yPSUyMzAwMDAwMCZ3YXRlcm1hcmtfb3BhY2l0eT0xNSZ3YXRlcm1hcmtfc3R5bGU9Y2VudGVy\" frameborder=\"0\" oncontextmenu=\"return false;\"><\/iframe> <\/div><\/div>                <\/div>\n            <\/div>\n        <\/div>","protected":false},"excerpt":{"rendered":"<p>Las Semillas Digitales y Comunitarias son iniciativas de incidencia, dise\u00f1adas en el marco del proyecto Ni\u00f1as Poderosas de Tejiendo Redes infancia, para ser implementadas en diversos<span class=\"excerpt-hellip\"> [\u2026]<\/span><\/p>\n","protected":false},"author":1,"featured_media":3891,"comment_status":"open","ping_status":"closed","sticky":false,"template":"","format":"standard","meta":{"_acf_changed":false,"footnotes":""},"categories":[212],"tags":[],"class_list":["post-3889","post","type-post","status-publish","format-standard","has-post-thumbnail","hentry","category-publicaciones-np"],"acf":[],"_links":{"self":[{"href":"https:\/\/tejiendoredesinfancia.org\/pt_br\/wp-json\/wp\/v2\/posts\/3889","targetHints":{"allow":["GET"]}}],"collection":[{"href":"https:\/\/tejiendoredesinfancia.org\/pt_br\/wp-json\/wp\/v2\/posts"}],"about":[{"href":"https:\/\/tejiendoredesinfancia.org\/pt_br\/wp-json\/wp\/v2\/types\/post"}],"author":[{"embeddable":true,"href":"https:\/\/tejiendoredesinfancia.org\/pt_br\/wp-json\/wp\/v2\/users\/1"}],"replies":[{"embeddable":true,"href":"https:\/\/tejiendoredesinfancia.org\/pt_br\/wp-json\/wp\/v2\/comments?post=3889"}],"version-history":[{"count":3,"href":"https:\/\/tejiendoredesinfancia.org\/pt_br\/wp-json\/wp\/v2\/posts\/3889\/revisions"}],"predecessor-version":[{"id":3948,"href":"https:\/\/tejiendoredesinfancia.org\/pt_br\/wp-json\/wp\/v2\/posts\/3889\/revisions\/3948"}],"wp:featuredmedia":[{"embeddable":true,"href":"https:\/\/tejiendoredesinfancia.org\/pt_br\/wp-json\/wp\/v2\/media\/3891"}],"wp:attachment":[{"href":"https:\/\/tejiendoredesinfancia.org\/pt_br\/wp-json\/wp\/v2\/media?parent=3889"}],"wp:term":[{"taxonomy":"category","embeddable":true,"href":"https:\/\/tejiendoredesinfancia.org\/pt_br\/wp-json\/wp\/v2\/categories?post=3889"},{"taxonomy":"post_tag","embeddable":true,"href":"https:\/\/tejiendoredesinfancia.org\/pt_br\/wp-json\/wp\/v2\/tags?post=3889"}],"curies":[{"name":"wp","href":"https:\/\/api.w.org\/{rel}","templated":true}]}}