{"id":3893,"date":"2025-06-04T14:44:04","date_gmt":"2025-06-04T20:44:04","guid":{"rendered":"https:\/\/tejiendoredesinfancia.org\/?p=3893"},"modified":"2025-07-07T19:51:08","modified_gmt":"2025-07-08T01:51:08","slug":"encuentro-internacional-conectadas-por-el-cambio","status":"publish","type":"post","link":"https:\/\/tejiendoredesinfancia.org\/pt_br\/ninaspoderosas\/publicaciones-np\/encuentro-internacional-conectadas-por-el-cambio\/","title":{"rendered":"Encuentro Internacional Conectadas por el cambio: Empoderamiento digital, infoactivismo y uso de datos para Ni\u00f1as Poderosas y Mujeres Impulsoras"},"content":{"rendered":"<p>El encuentro <strong>Conectadas por el cambio: Empoderamiento digital, infoactivismo y uso de datos para Ni\u00f1as Poderosas y Mujeres Impulsoras<\/strong> se llev\u00f3 a cabo los d\u00edas 2 y 3 de noviembre de 2024 en la Ciudad de Antigua, Guatemala. Con una modalidad h\u00edbrida (presencial y virtual) reuni\u00f3 a 60 adolescentes, j\u00f3venes y mujeres l\u00edderes, quienes participaron desde distintos pa\u00edses de Am\u00e9rica Latina, el Tri\u00e1ngulo Norte y Colombia.<\/p>\n\n\n\n<p>Durante el evento, se abordaron temas clave como la violencia de g\u00e9nero en el entorno digital, el uso de datos con perspectiva de g\u00e9nero para fortalecer el liderazgo femenino y la resistencia frente al machismo en l\u00ednea. M\u00e1s que un espacio de aprendizaje, fue un punto de encuentro donde las participantes compartieron sus realidades, reflexionaron sobre sus contextos y debatieron estrategias para combatirlas.<\/p>\n\n\n\n<p>A trav\u00e9s de paneles, din\u00e1micas y talleres, se foment\u00f3 el di\u00e1logo y la colaboraci\u00f3n colectiva para imaginar soluciones frente a los desaf\u00edos que enfrentan ni\u00f1as y mujeres en el \u00e1mbito digital. Adem\u00e1s, el evento permiti\u00f3 redes de apoyo, promoviendo alianzas entre las asistentes para que sus ideas y proyectos tengan un mayor impacto en sus comunidades.<\/p>\n\n\n\n<p><strong>Conectadas por el cambio<\/strong> fue un espacio de inspiraci\u00f3n, acci\u00f3n y sororidad, donde cada voz cont\u00f3 y cada historia aport\u00f3 a la construcci\u00f3n de un futuro m\u00e1s equitativo y seguro para todas.<\/p>\n\n\n\n<p>Te invitamos a conocer m\u00e1s sobre esta experiencia en este documento que resume los momentos m\u00e1s importantes del encuentro.<\/p>\n\n\n        <div id=\"ep-gutenberg-content-ae12a2dd44fd0053392844ea684bf4f5\" class=\"ep-gutenberg-content aligncenter ep-percentage-width   ep-content-protection-disabled\">\n            <div class=\"embedpress-inner-iframe emebedpress-unit-percent ep-doc-ae12a2dd44fd0053392844ea684bf4f5\" style=\"max-width:600%\" id=\"embedpress-pdf-1749070058854\">\n                <div >\n                    <div class=\"ep-embed-content-wraper\"><div class=\"position-right-wraper gutenberg-pdf-wraper\"><iframe title=\"Encuentro\" class=\"embedpress-embed-document-pdf embedpress-pdf-1749070058854\" style=\"width:600%;height:600px; max-width:100%; display: inline-block\" src=\"https:\/\/tejiendoredesinfancia.org\/wp-admin\/admin-ajax.php?action=get_flipbook_viewer&#038;file=https%3A%2F%2Ftejiendoredesinfancia.org%2Fwp-content%2Fuploads%2F2025%2F06%2FEncuentro.pdf&#038;key=dGhlbWVNb2RlPWRlZmF1bHQmdG9vbGJhcj10cnVlJnBvc2l0aW9uPXRvcCZwcmVzZW50YXRpb249dHJ1ZSZsYXp5TG9hZD1mYWxzZSZkb3dubG9hZD10cnVlJmNvcHlfdGV4dD10cnVlJmFkZF90ZXh0PXRydWUmZHJhdz10cnVlJmRvY19yb3RhdGlvbj10cnVlJmFkZF9pbWFnZT10cnVlJmRvY19kZXRhaWxzPXRydWUmem9vbV9pbj10cnVlJnpvb21fb3V0PXRydWUmZml0X3ZpZXc9dHJ1ZSZib29rbWFyaz10cnVlJmZsaXBib29rX3Rvb2xiYXJfcG9zaXRpb249Ym90dG9tJnNlbGVjdGlvbl90b29sPTAmc2Nyb2xsaW5nPS0xJnNwcmVhZHM9LTEmd2F0ZXJtYXJrX3RleHQ9JndhdGVybWFya19mb250X3NpemU9NDgmd2F0ZXJtYXJrX2NvbG9yPSUyMzAwMDAwMCZ3YXRlcm1hcmtfb3BhY2l0eT0xNSZ3YXRlcm1hcmtfc3R5bGU9Y2VudGVy\" frameborder=\"0\" oncontextmenu=\"return false;\"><\/iframe> <\/div><\/div>                <\/div>\n            <\/div>\n        <\/div>","protected":false},"excerpt":{"rendered":"<p>El encuentro Conectadas por el cambio: Empoderamiento digital, infoactivismo y uso de datos para Ni\u00f1as Poderosas y Mujeres Impulsoras se llev\u00f3 a cabo los d\u00edas 2<span class=\"excerpt-hellip\"> [\u2026]<\/span><\/p>\n","protected":false},"author":1,"featured_media":3894,"comment_status":"open","ping_status":"closed","sticky":false,"template":"","format":"standard","meta":{"_acf_changed":false,"footnotes":""},"categories":[212],"tags":[],"class_list":["post-3893","post","type-post","status-publish","format-standard","has-post-thumbnail","hentry","category-publicaciones-np"],"acf":[],"_links":{"self":[{"href":"https:\/\/tejiendoredesinfancia.org\/pt_br\/wp-json\/wp\/v2\/posts\/3893","targetHints":{"allow":["GET"]}}],"collection":[{"href":"https:\/\/tejiendoredesinfancia.org\/pt_br\/wp-json\/wp\/v2\/posts"}],"about":[{"href":"https:\/\/tejiendoredesinfancia.org\/pt_br\/wp-json\/wp\/v2\/types\/post"}],"author":[{"embeddable":true,"href":"https:\/\/tejiendoredesinfancia.org\/pt_br\/wp-json\/wp\/v2\/users\/1"}],"replies":[{"embeddable":true,"href":"https:\/\/tejiendoredesinfancia.org\/pt_br\/wp-json\/wp\/v2\/comments?post=3893"}],"version-history":[{"count":4,"href":"https:\/\/tejiendoredesinfancia.org\/pt_br\/wp-json\/wp\/v2\/posts\/3893\/revisions"}],"predecessor-version":[{"id":3949,"href":"https:\/\/tejiendoredesinfancia.org\/pt_br\/wp-json\/wp\/v2\/posts\/3893\/revisions\/3949"}],"wp:featuredmedia":[{"embeddable":true,"href":"https:\/\/tejiendoredesinfancia.org\/pt_br\/wp-json\/wp\/v2\/media\/3894"}],"wp:attachment":[{"href":"https:\/\/tejiendoredesinfancia.org\/pt_br\/wp-json\/wp\/v2\/media?parent=3893"}],"wp:term":[{"taxonomy":"category","embeddable":true,"href":"https:\/\/tejiendoredesinfancia.org\/pt_br\/wp-json\/wp\/v2\/categories?post=3893"},{"taxonomy":"post_tag","embeddable":true,"href":"https:\/\/tejiendoredesinfancia.org\/pt_br\/wp-json\/wp\/v2\/tags?post=3893"}],"curies":[{"name":"wp","href":"https:\/\/api.w.org\/{rel}","templated":true}]}}