{"id":3970,"date":"2025-03-25T11:47:06","date_gmt":"2025-03-25T17:47:06","guid":{"rendered":"https:\/\/tejiendoredesinfancia.org\/?p=3970"},"modified":"2025-08-19T12:48:33","modified_gmt":"2025-08-19T18:48:33","slug":"informe-2024","status":"publish","type":"post","link":"https:\/\/tejiendoredesinfancia.org\/pt_br\/documentos-institucionales\/informe-2024\/","title":{"rendered":"Informe anual 2024"},"content":{"rendered":"<p>En Tejiendo Redes Infancia en Am\u00e9rica Latina y el Caribe desarrollamos m\u00faltiples acciones en Am\u00e9rica Latina y el Caribe durante 2024, estas iniciativas \u2013realizadas en coordinaci\u00f3n con autoridades, organizaciones civiles y ni\u00f1as, ni\u00f1os, adolescentes y personas j\u00f3venes\u2013 incluyeron programas de empoderamiento infantil, di\u00e1logo pol\u00edtico e institucional y elaboraci\u00f3n y difusi\u00f3n de gu\u00edas-campa\u00f1as de prevenci\u00f3n de la violencia, entre otras. A continuaci\u00f3n, se destacan las acciones m\u00e1s relevantes del a\u00f1o 2024.<\/p>\n\n\n        <div id=\"ep-gutenberg-content-88e7a9b050543c92f6559bf835f9c9e9\" class=\"ep-gutenberg-content aligncenter ep-percentage-width   ep-content-protection-disabled\">\n            <div class=\"embedpress-inner-iframe emebedpress-unit-percent ep-doc-88e7a9b050543c92f6559bf835f9c9e9\" style=\"max-width:600%\" id=\"embedpress-pdf-1755629297844\">\n                <div >\n                    <div class=\"ep-embed-content-wraper\"><div class=\"position-right-wraper gutenberg-pdf-wraper\"><iframe title=\"Informe Anual 2024\" class=\"embedpress-embed-document-pdf embedpress-pdf-1755629297844\" style=\"width:600%;height:600px; max-width:100%; display: inline-block\" src=\"https:\/\/tejiendoredesinfancia.org\/wp-admin\/admin-ajax.php?action=get_viewer&#038;file=https%3A%2F%2Ftejiendoredesinfancia.org%2Fwp-content%2Fuploads%2F2025%2F03%2FInforme-Anual-2024.pdf#key=dGhlbWVNb2RlPWRlZmF1bHQmdG9vbGJhcj10cnVlJnBvc2l0aW9uPXRvcCZwcmVzZW50YXRpb249dHJ1ZSZsYXp5TG9hZD1mYWxzZSZkb3dubG9hZD10cnVlJmNvcHlfdGV4dD10cnVlJmFkZF90ZXh0PXRydWUmZHJhdz10cnVlJmRvY19yb3RhdGlvbj10cnVlJmFkZF9pbWFnZT10cnVlJmRvY19kZXRhaWxzPXRydWUmem9vbV9pbj10cnVlJnpvb21fb3V0PXRydWUmZml0X3ZpZXc9dHJ1ZSZib29rbWFyaz10cnVlJmZsaXBib29rX3Rvb2xiYXJfcG9zaXRpb249Ym90dG9tJnNlbGVjdGlvbl90b29sPTAmc2Nyb2xsaW5nPS0xJnNwcmVhZHM9LTEmd2F0ZXJtYXJrX3RleHQ9JndhdGVybWFya19mb250X3NpemU9NDgmd2F0ZXJtYXJrX2NvbG9yPSUyMzAwMDAwMCZ3YXRlcm1hcmtfb3BhY2l0eT0xNSZ3YXRlcm1hcmtfc3R5bGU9Y2VudGVy\" frameborder=\"0\" oncontextmenu=\"return false;\"><\/iframe> <p class=\"embedpress-el-powered\">Desenvolvido por EmbedPress<\/p><\/div><\/div>                <\/div>\n            <\/div>\n        <\/div>","protected":false},"excerpt":{"rendered":"<p>En Tejiendo Redes Infancia en Am\u00e9rica Latina y el Caribe desarrollamos m\u00faltiples acciones en Am\u00e9rica Latina y el Caribe durante 2024, estas iniciativas \u2013realizadas en coordinaci\u00f3n<span class=\"excerpt-hellip\"> [\u2026]<\/span><\/p>\n","protected":false},"author":1,"featured_media":3971,"comment_status":"open","ping_status":"closed","sticky":false,"template":"","format":"standard","meta":{"_acf_changed":false,"footnotes":""},"categories":[213],"tags":[20,24,22,57,68,21,54,42],"class_list":["post-3970","post","type-post","status-publish","format-standard","has-post-thumbnail","hentry","category-documentos-institucionales","tag-tejiendoredesinfancia","tag-derechos-por-la-ninez-y-la-infancia","tag-infancialatina-org","tag-inversion-por-la-infancia","tag-ninez-reclutada","tag-ollin-tv","tag-politicas-publicas","tag-sipinnas"],"acf":[],"_links":{"self":[{"href":"https:\/\/tejiendoredesinfancia.org\/pt_br\/wp-json\/wp\/v2\/posts\/3970","targetHints":{"allow":["GET"]}}],"collection":[{"href":"https:\/\/tejiendoredesinfancia.org\/pt_br\/wp-json\/wp\/v2\/posts"}],"about":[{"href":"https:\/\/tejiendoredesinfancia.org\/pt_br\/wp-json\/wp\/v2\/types\/post"}],"author":[{"embeddable":true,"href":"https:\/\/tejiendoredesinfancia.org\/pt_br\/wp-json\/wp\/v2\/users\/1"}],"replies":[{"embeddable":true,"href":"https:\/\/tejiendoredesinfancia.org\/pt_br\/wp-json\/wp\/v2\/comments?post=3970"}],"version-history":[{"count":8,"href":"https:\/\/tejiendoredesinfancia.org\/pt_br\/wp-json\/wp\/v2\/posts\/3970\/revisions"}],"predecessor-version":[{"id":3986,"href":"https:\/\/tejiendoredesinfancia.org\/pt_br\/wp-json\/wp\/v2\/posts\/3970\/revisions\/3986"}],"wp:featuredmedia":[{"embeddable":true,"href":"https:\/\/tejiendoredesinfancia.org\/pt_br\/wp-json\/wp\/v2\/media\/3971"}],"wp:attachment":[{"href":"https:\/\/tejiendoredesinfancia.org\/pt_br\/wp-json\/wp\/v2\/media?parent=3970"}],"wp:term":[{"taxonomy":"category","embeddable":true,"href":"https:\/\/tejiendoredesinfancia.org\/pt_br\/wp-json\/wp\/v2\/categories?post=3970"},{"taxonomy":"post_tag","embeddable":true,"href":"https:\/\/tejiendoredesinfancia.org\/pt_br\/wp-json\/wp\/v2\/tags?post=3970"}],"curies":[{"name":"wp","href":"https:\/\/api.w.org\/{rel}","templated":true}]}}