{"id":4030,"date":"2025-10-09T12:48:11","date_gmt":"2025-10-09T18:48:11","guid":{"rendered":"https:\/\/tejiendoredesinfancia.org\/?p=4030"},"modified":"2025-10-09T13:21:11","modified_gmt":"2025-10-09T19:21:11","slug":"ciudadania-y-educacion-de-calle-en-contextos-de-migracion","status":"publish","type":"post","link":"https:\/\/tejiendoredesinfancia.org\/pt_br\/publicaciones\/ciudadania-y-educacion-de-calle-en-contextos-de-migracion\/","title":{"rendered":"Formaci\u00f3n online sobre ciudadan\u00eda y educaci\u00f3n de calle en contextos de migraci\u00f3n y desplazamiento forzoso."},"content":{"rendered":"<p><strong><u>15 octubre al 12 de noviembre 2025<\/u><\/strong><br>\ud83d\udce5 Registro: <a href=\"https:\/\/tinyurl.com\/4zwwfxej\">https:\/\/tinyurl.com\/4zwwfxej<\/a> <\/p>\n\n\n\n<p>La situaci\u00f3n social en muchos pa\u00edses del mundo (y del continente americano especialmente) est\u00e1 degrad\u00e1ndose, y sus formas est\u00e1n cambiando. En especial, lo que m\u00e1s preocupa es la enorme movilidad de personas que en grupo o de manera solitaria atraviesan pa\u00edses que d\u00eda a d\u00eda ven m\u00e1s desbordados sus dispositivos p\u00fablicos o privados de atenci\u00f3n. Esta movilidad impacta de manera muy profunda en las infancias que solas o con sus familias atraviesan los pa\u00edses para buscar un refugio o un futuro decente. En este contexto, se necesitan adem\u00e1s de recursos econ\u00f3micos (que no corresponden con las dimensiones del reto), enriquecer nuestra formaci\u00f3n como educadores-as sociales e ir sistematizando nuevos m\u00e9todos de acompa\u00f1amiento socioeducativo vinculados a los nuevos retos.<\/p>\n\n\n\n<p>As\u00ed, consideramos que promover la ciudadan\u00eda de poblaciones en contextos de migraci\u00f3n y desplazamiento forzado a trav\u00e9s de la educaci\u00f3n de calle es un modelo de trabajo muy eficiente y metodol\u00f3gicamente adaptable en funci\u00f3n de las situaciones que se encuentran. Esa manera de estar, de pensar y de acompa\u00f1ar puede ser muy \u00fatil para los equipos que sobre el terreno tienen que ofrecer apoyo y establecer una relaci\u00f3n de confianza en muy poco tiempo y en situaciones de m\u00e1xima complejidad.<\/p>\n\n\n\n<p>Para hacer frente a este desaf\u00edo, fundamos en el a\u00f1o 2022 el <strong><em>Consortium for children and youth empowerment and participation <\/em><\/strong>(CCYEP) (integrado por <em>Dynamo International-Street Workers Network + Defensa de Ni\u00f1as y Ni\u00f1os Internacional_ Am\u00e9ricas + Tejiendo Redes de Infancia con el soporte t\u00e9cnico de Asociaci\u00f3n Navarra Nuevo Futuro y del Street Work Training Institute<\/em>) que agrupa a redes que trabajan en m\u00e1s de 60 pa\u00edses. Nuestro objetivo es promover la participaci\u00f3n y empoderamiento de ni\u00f1os, ni\u00f1as y personas adolescentes y j\u00f3venes en los \u00e1mbitos pol\u00edtico, econ\u00f3mico y social para que cuenten con los elementos y la fuerza necesaria para facilitar el desarrollo e implementaci\u00f3n de pol\u00edticas p\u00fablicas a nivel local, regional e internacional. En \u00faltimos a\u00f1os hemos organizado diversos webinarios de formaci\u00f3n sobre educaci\u00f3n de calle y poblaciones en contextos de migraci\u00f3n y desplazamiento forzoso. Este seminario es la continuidad de ese proceso de reflexi\u00f3n colectiva.<\/p>\n\n\n\n<p><strong>PROGRAMA DE FORMACI\u00d3N<\/strong><\/p>\n\n\n\n<div class=\"wp-block-embedpress-embedpress-pdf\"><div class=\"embedpress-document-embed ep-doc-embedpress-pdf-1760035631251   ep-percentage-width\" style=\"width:600%;max-width:100%\" id=\"ep-doc-undefined\" data-source-id=\"source-undefined\" data-embed-type=\"PDF\"><div class=\"ep-embed-content-wraper\"><div class=\"position-right-wraper gutenberg-pdf-wraper\"><div class=\"main-content-wraper\"><iframe title=\"\" style=\"height:600px;width:100%\" class=\"embedpress-embed-document-pdf embedpress-pdf-1760035631251\" data-emid=\"embedpress-pdf-1760035631251\" src=\"https:\/\/tejiendoredesinfancia.org\/wp-admin\/admin-ajax.php?action=get_viewer&amp;scrolling=0&amp;selection_tool=0&amp;spreads=0&amp;file=https%3A%2F%2Ftejiendoredesinfancia.org%2Fwp-content%2Fuploads%2F2025%2F10%2FFlyer-Educaciondecalle-Iberoamericano.pdf#key=dGhlbWVNb2RlPWRlZmF1bHQmcHJlc2VudGF0aW9uPXRydWUmbGF6eUxvYWQ9ZmFsc2UmcG9zaXRpb249dG9wJmZsaXBib29rX3Rvb2xiYXJfcG9zaXRpb249Ym90dG9tJmRvd25sb2FkPXRydWUmdG9vbGJhcj10cnVlJmNvcHlfdGV4dD10cnVlJmFkZF90ZXh0PXRydWUmZHJhdz10cnVlJmRvY19kZXRhaWxzPXRydWUmZG9jX3JvdGF0aW9uPXRydWUmYWRkX2ltYWdlPXRydWUmem9vbV9pbj10cnVlJnpvb21fb3V0PXRydWUmZml0X3ZpZXc9dHJ1ZSZib29rbWFyaz10cnVlJnNlbGVjdGlvbl90b29sPTAmc2Nyb2xsaW5nPTAmc3ByZWFkcz0w\"><\/iframe><\/div><p class=\"embedpress-el-powered\">Powered By EmbedPress<\/p><\/div><\/div><\/div><\/div>","protected":false},"excerpt":{"rendered":"<p>15 octubre al 12 de noviembre 2025\ud83d\udce5 Registro: https:\/\/tinyurl.com\/4zwwfxej La situaci\u00f3n social en muchos pa\u00edses del mundo (y del continente americano especialmente) est\u00e1 degrad\u00e1ndose, y sus<span class=\"excerpt-hellip\"> [\u2026]<\/span><\/p>\n","protected":false},"author":1,"featured_media":4034,"comment_status":"open","ping_status":"closed","sticky":false,"template":"","format":"standard","meta":{"_acf_changed":false,"footnotes":""},"categories":[213,19],"tags":[],"class_list":["post-4030","post","type-post","status-publish","format-standard","has-post-thumbnail","hentry","category-documentos-institucionales","category-publicaciones"],"acf":[],"_links":{"self":[{"href":"https:\/\/tejiendoredesinfancia.org\/pt_br\/wp-json\/wp\/v2\/posts\/4030","targetHints":{"allow":["GET"]}}],"collection":[{"href":"https:\/\/tejiendoredesinfancia.org\/pt_br\/wp-json\/wp\/v2\/posts"}],"about":[{"href":"https:\/\/tejiendoredesinfancia.org\/pt_br\/wp-json\/wp\/v2\/types\/post"}],"author":[{"embeddable":true,"href":"https:\/\/tejiendoredesinfancia.org\/pt_br\/wp-json\/wp\/v2\/users\/1"}],"replies":[{"embeddable":true,"href":"https:\/\/tejiendoredesinfancia.org\/pt_br\/wp-json\/wp\/v2\/comments?post=4030"}],"version-history":[{"count":5,"href":"https:\/\/tejiendoredesinfancia.org\/pt_br\/wp-json\/wp\/v2\/posts\/4030\/revisions"}],"predecessor-version":[{"id":4039,"href":"https:\/\/tejiendoredesinfancia.org\/pt_br\/wp-json\/wp\/v2\/posts\/4030\/revisions\/4039"}],"wp:featuredmedia":[{"embeddable":true,"href":"https:\/\/tejiendoredesinfancia.org\/pt_br\/wp-json\/wp\/v2\/media\/4034"}],"wp:attachment":[{"href":"https:\/\/tejiendoredesinfancia.org\/pt_br\/wp-json\/wp\/v2\/media?parent=4030"}],"wp:term":[{"taxonomy":"category","embeddable":true,"href":"https:\/\/tejiendoredesinfancia.org\/pt_br\/wp-json\/wp\/v2\/categories?post=4030"},{"taxonomy":"post_tag","embeddable":true,"href":"https:\/\/tejiendoredesinfancia.org\/pt_br\/wp-json\/wp\/v2\/tags?post=4030"}],"curies":[{"name":"wp","href":"https:\/\/api.w.org\/{rel}","templated":true}]}}