{"id":4343,"date":"2026-08-27T17:42:23","date_gmt":"2026-08-27T23:42:23","guid":{"rendered":"https:\/\/tejiendoredesinfancia.org\/?p=4343"},"modified":"2026-08-28T10:10:52","modified_gmt":"2026-08-28T16:10:52","slug":"hijas-e-hijos-de-personas-desaparecidas-en-mexico","status":"publish","type":"post","link":"https:\/\/tejiendoredesinfancia.org\/pt_br\/publicaciones\/hijas-e-hijos-de-personas-desaparecidas-en-mexico\/","title":{"rendered":"Filhas e filhos de pessoas desaparecidas no M\u00e9xico."},"content":{"rendered":"<p><strong>Estimaci\u00f3n nacional, invisibilidad institucional y obligaciones urgentes. Agosto, 2026.<br><\/strong><br>En M\u00e9xico, la desaparici\u00f3n de una persona no afecta \u00fanicamente a quien falta. Tambi\u00e9n altera la vida de sus hijas e hijos: interrumpe cuidados, reduce ingresos, amenaza la continuidad escolar, deteriora la salud, aumenta la inseguridad y modifica los v\u00ednculos familiares y comunitarios. A pesar de ello, el Estado no cuenta con informaci\u00f3n suficiente para saber cu\u00e1ntas ni\u00f1as, ni\u00f1os y adolescentes atraviesan esta situaci\u00f3n, qu\u00e9 edades tienen, qu\u00e9 necesidades enfrentan ni qu\u00e9 respuestas reciben.<\/p>\n\n\n\n<p>Este informe ofrece una estimaci\u00f3n exploratoria para dimensionar esa poblaci\u00f3n invisibilizada. No presenta un conteo ni pretende sustituir un registro oficial. A partir de 103,176 registros de personas de entre 15 y 49 a\u00f1os que permanec\u00edan desaparecidas o no localizadas en agosto de 2026, construye un escenario de aproximadamente 165 mil hijas e hijos potencialmente vinculados con ese universo.<\/p>\n\n\n\n<p>M\u00e1s que una cifra definitiva, el resultado muestra la magnitud de una deuda institucional: la falta de informaci\u00f3n que relacione a las personas desaparecidas con sus familias y permita dise\u00f1ar pol\u00edticas adecuadas. El informe combina evidencia estad\u00edstica, experiencias documentadas en Nuevo Le\u00f3n, est\u00e1ndares internacionales y obligaciones jur\u00eddicas. Examina las consecuencias de la desaparici\u00f3n en la vida cotidiana y plantea una ruta de acci\u00f3n para identificar a las hijas e hijos, valorar sus necesidades, garantizar atenci\u00f3n integral, asegurar su participaci\u00f3n y fortalecer la rendici\u00f3n de cuentas.<br><br>Confiamos que este informe permita reconocer una dimensi\u00f3n frecuentemente omitida de la crisis de desapariciones y avanzar hacia respuestas p\u00fablicas que protejan derechos, reparen da\u00f1os y respeten la autonom\u00eda de las v\u00edctimas indirectas: hijas e hijos de personas desaparecidas.<\/p>\n\n\n\n<div class=\"wp-block-embedpress-embedpress-pdf\"><div id=\"ep-gutenberg-content-d41d8cd98f00b204e9800998ecf8427e\" class=\"ep-gutenberg-content\"><div class=\"embedpress-document-embed ep-doc-embedpress-pdf-1787933445848   ep-fixed-width\" style=\"width:650px;height:700px;max-width:100%\" id=\"ep-doc-undefined\" data-source-id=\"source-undefined\" data-embed-type=\"PDF\" data-ep-views=\"off\" data-ep-downloads=\"off\"><div class=\"ep-embed-content-wraper\"><div class=\"position-right-wraper gutenberg-pdf-wraper\"><div class=\"main-content-wraper\"><iframe title=\"260827 Informe Estimacion Hijas e hijos de personas desaparecidas en Mexico\" powered_by=\"\" style=\"height:700px;width:650px;max-width:100%\" class=\"embedpress-embed-document-pdf embedpress-pdf-1787933445848\" data-emid=\"embedpress-pdf-1787933445848\" data-viewer-style=\"modern\" src=\"https:\/\/tejiendoredesinfancia.org\/wp-content\/plugins\/embedpress\/assets\/pdf\/web\/viewer.html?&amp;scrolling=0&amp;selection_tool=0&amp;spreads=0&amp;file=https%3A%2F%2Ftejiendoredesinfancia.org%2Fwp-content%2Fuploads%2F2026%2F08%2F260827-Informe-Estimacion-Hijas-e-hijos-de-personas-desaparecidas-en-Mexico-2.pdf#key=dGhlbWVNb2RlPWRlZmF1bHQmcHJlc2VudGF0aW9uPXRydWUmbGF6eUxvYWQ9ZmFsc2UmcG9zaXRpb249dG9wJmZsaXBib29rX3Rvb2xiYXJfcG9zaXRpb249Ym90dG9tJmRvd25sb2FkPXRydWUmdG9vbGJhcj10cnVlJmNvcHlfdGV4dD10cnVlJmFkZF90ZXh0PXRydWUmZHJhdz10cnVlJmRvY19kZXRhaWxzPXRydWUmZG9jX3JvdGF0aW9uPXRydWUmYWRkX2ltYWdlPXRydWUmem9vbV9pbj10cnVlJnpvb21fb3V0PXRydWUmZml0X3ZpZXc9dHJ1ZSZib29rbWFyaz10cnVlJnNlbGVjdGlvbl90b29sPTAmc2Nyb2xsaW5nPTAmc3ByZWFkcz0wJnBhZ2VOdW1iZXI9MSZ3YXRlcm1hcmtfdGV4dD0md2F0ZXJtYXJrX2ZvbnRfc2l6ZT00OCZ3YXRlcm1hcmtfY29sb3I9JTIzMDAwMDAwJndhdGVybWFya19vcGFjaXR5PTE1JndhdGVybWFya19zdHlsZT1jZW50ZXI=\"><\/iframe><\/div><\/div><\/div><\/div><\/div><\/div>","protected":false},"excerpt":{"rendered":"<p>Estimaci\u00f3n nacional, invisibilidad institucional y obligaciones urgentes. Agosto, 2026.En M\u00e9xico, la desaparici\u00f3n de una persona no afecta \u00fanicamente a quien falta. Tambi\u00e9n altera la vida de<span class=\"excerpt-hellip\"> [\u2026]<\/span><\/p>\n","protected":false},"author":1,"featured_media":4345,"comment_status":"open","ping_status":"closed","sticky":false,"template":"","format":"standard","meta":{"_acf_changed":false,"footnotes":""},"categories":[19],"tags":[],"class_list":["post-4343","post","type-post","status-publish","format-standard","has-post-thumbnail","hentry","category-publicaciones"],"acf":[],"_links":{"self":[{"href":"https:\/\/tejiendoredesinfancia.org\/pt_br\/wp-json\/wp\/v2\/posts\/4343","targetHints":{"allow":["GET"]}}],"collection":[{"href":"https:\/\/tejiendoredesinfancia.org\/pt_br\/wp-json\/wp\/v2\/posts"}],"about":[{"href":"https:\/\/tejiendoredesinfancia.org\/pt_br\/wp-json\/wp\/v2\/types\/post"}],"author":[{"embeddable":true,"href":"https:\/\/tejiendoredesinfancia.org\/pt_br\/wp-json\/wp\/v2\/users\/1"}],"replies":[{"embeddable":true,"href":"https:\/\/tejiendoredesinfancia.org\/pt_br\/wp-json\/wp\/v2\/comments?post=4343"}],"version-history":[{"count":2,"href":"https:\/\/tejiendoredesinfancia.org\/pt_br\/wp-json\/wp\/v2\/posts\/4343\/revisions"}],"predecessor-version":[{"id":4350,"href":"https:\/\/tejiendoredesinfancia.org\/pt_br\/wp-json\/wp\/v2\/posts\/4343\/revisions\/4350"}],"wp:featuredmedia":[{"embeddable":true,"href":"https:\/\/tejiendoredesinfancia.org\/pt_br\/wp-json\/wp\/v2\/media\/4345"}],"wp:attachment":[{"href":"https:\/\/tejiendoredesinfancia.org\/pt_br\/wp-json\/wp\/v2\/media?parent=4343"}],"wp:term":[{"taxonomy":"category","embeddable":true,"href":"https:\/\/tejiendoredesinfancia.org\/pt_br\/wp-json\/wp\/v2\/categories?post=4343"},{"taxonomy":"post_tag","embeddable":true,"href":"https:\/\/tejiendoredesinfancia.org\/pt_br\/wp-json\/wp\/v2\/tags?post=4343"}],"curies":[{"name":"wp","href":"https:\/\/api.w.org\/{rel}","templated":true}]}}